{"id":254944,"date":"2013-12-14T16:34:32","date_gmt":"2013-12-14T15:34:32","guid":{"rendered":"http:\/\/www.ivg.it\/?p=254944"},"modified":"2014-08-27T12:33:16","modified_gmt":"2014-08-27T10:33:16","slug":"forconi-abbondanza-casa-della-legalita-piazza-protesta-sovvertiva-isolare-i-criminali-gli-estremisti","status":"publish","type":"post","link":"https:\/\/staging.ivg.it\/2013\/12\/forconi-abbondanza-casa-della-legalita-piazza-protesta-sovvertiva-isolare-i-criminali-gli-estremisti\/","title":{"rendered":"Forconi, Abbondanza (Casa della Legalit\u00e0) in piazza: &#8220;Protesta sovversiva, isolare i criminali e gli estremisti&#8221;"},"content":{"rendered":"<p><strong>Savona.<\/strong> Qui c&#8217;\u00e8 un po&#8217; di tutto: comizi, volantinaggi, passatempi musicali, iniziative pi\u00f9 o meno improvvisate. Da una parte il banchetto del Movimento 5 Stelle, dall&#8217;altra esponenti di Rifondazione che diffondono volantini informativi, e in una porzione di piazza Christian Abbondanza della Casa della Legalit\u00e0 che mette in guardia i cittadini sul presunto carattere eversivo della protesta che ha animato l&#8217;Italia dal 9 dicembre ad oggi, guardando praticamente in faccia Mannar\u00e0, che giudica un &#8220;capo popolo&#8221; da evitare.  <\/p>\n<p>Siamo a Savona, tra corso Italia e piazza Sisto IV. Molti cittadini si guardano spaesati, probabilmente in stato confusionale per una manifestazione che non ha mai avuto obiettivi chiari e punti di riferimento precisi. Forze dell&#8217;ordine a parte, che sono sempre l\u00ec schierate ad evitare il peggio. <\/p>\n<p>&#8220;Questa sembra essere la riedizione di quello che era il programma eversivo dei primi Anni &#8217;90 quando si voleva sovvertire l&#8217;ordine democratico di questo Paese &#8211; esordisce Abbondanza &#8211; E questo bisogna dirlo, mettendo in guardia la comunit\u00e0 affinch\u00e9 eviti di assecondare questi soggetti e queste mobilitazioni che rappresentano solo un pericolo di destabilizzazione. La destabilizzazione non serve ad aiutare la povera gente ma aiuta solo tentativi di &#8216;colpi di mano&#8217;: non a caso i presunti leaders del movimento del 9 dicembre auspicano e invitano alle dimissioni di tutte le istituzioni repubblicane per instaurare un governo con i militari&#8221;.<\/p>\n<p>&#8220;Questa non \u00e8 la soluzione ai problemi sociali &#8211; continua il portavoce della Casa della Legalit\u00e0 &#8211; I giovani e i cittadini che hanno problemi reali hanno tutte le ragioni per protestare, ma questa \u00e8 cosa diversa dal farsi usare da chi ha piani diversi dal risolvere i problemi. La delegittimazione delle istituzioni in quanto tali e non dei politici che ci sono all&#8217;interno di esse, voler abbattere il Parlamento e non quei parlamentari corrotti, ha il solo obiettivo di sovvertire l&#8217;ordine democratico senza aiutare i disoccupati, i pensionati, chi non ha pi\u00f9 uno stipendio&#8221;. <\/p>\n<p>&#8220;A Savona, lo sappiamo tutti, vi \u00e8 il caso eclatante di Mannar\u00e0, trafficante internazionale di droga, responsabile di attivit\u00e0 di reciclaggio spaventose che prende la testa del corteo e diventa l&#8217;uomo in prima linea della protesta sociale: questo \u00e8 assai inquietante ed \u00e8 bene che la gente lo sappia. Le proteste vanno fatte con i dovuti anticorpi. Bisogna isolare i soggetti della criminalit\u00e0 organizzata cos\u00ec come le frange estremiste che vogliono entrarci&#8221; conclude Abbondanza. <\/p>\n","protected":false},"excerpt":{"rendered":"<p>Savona. Qui c&#8217;\u00e8 un po&#8217; di tutto: comizi, volantinaggi, passatempi musicali, iniziative pi\u00f9 o meno improvvisate. Da una parte il banchetto del Movimento 5 Stelle, dall&#8217;altra esponenti di Rifondazione che diffondono volantini informativi, e in una porzione di piazza Christian Abbondanza della Casa della Legalit\u00e0 che mette in guardia i cittadini sul presunto carattere eversivo [&hellip;]<\/p>\n","protected":false},"author":13744,"featured_media":0,"comment_status":"open","ping_status":"closed","sticky":false,"template":"","format":"standard","meta":{"footnotes":""},"categories":[34],"tags":[43154,39233,50853,50774,85850],"class_list":["post-254944","post","type-post","status-publish","format-standard","hentry","category-cronaca","tag-casa-legalita","tag-christian-abbondanza","tag-davide-mannara","tag-forconi","tag-savona","post_cat_citta-savona"],"amp_validity":null,"amp_enabled":true,"_links":{"self":[{"href":"https:\/\/staging.ivg.it\/ediapi\/wp\/v2\/posts\/254944","targetHints":{"allow":["GET"]}}],"collection":[{"href":"https:\/\/staging.ivg.it\/ediapi\/wp\/v2\/posts"}],"about":[{"href":"https:\/\/staging.ivg.it\/ediapi\/wp\/v2\/types\/post"}],"author":[{"embeddable":true,"href":"https:\/\/staging.ivg.it\/ediapi\/wp\/v2\/users\/13744"}],"replies":[{"embeddable":true,"href":"https:\/\/staging.ivg.it\/ediapi\/wp\/v2\/comments?post=254944"}],"version-history":[{"count":0,"href":"https:\/\/staging.ivg.it\/ediapi\/wp\/v2\/posts\/254944\/revisions"}],"wp:attachment":[{"href":"https:\/\/staging.ivg.it\/ediapi\/wp\/v2\/media?parent=254944"}],"wp:term":[{"taxonomy":"category","embeddable":true,"href":"https:\/\/staging.ivg.it\/ediapi\/wp\/v2\/categories?post=254944"},{"taxonomy":"post_tag","embeddable":true,"href":"https:\/\/staging.ivg.it\/ediapi\/wp\/v2\/tags?post=254944"}],"curies":[{"name":"wp","href":"https:\/\/api.w.org\/{rel}","templated":true}]}}