{"id":254917,"date":"2013-12-14T09:32:49","date_gmt":"2013-12-14T08:32:49","guid":{"rendered":"http:\/\/www.ivg.it\/?p=254917"},"modified":"2013-12-15T15:05:08","modified_gmt":"2013-12-15T14:05:08","slug":"denunciato-stalking-dallex-compagna-si-ripresenta-casa-della-donna-cengio-45-romeno-manette","status":"publish","type":"post","link":"https:\/\/staging.ivg.it\/2013\/12\/denunciato-stalking-dallex-compagna-si-ripresenta-casa-della-donna-cengio-45-romeno-manette\/","title":{"rendered":"Denunciato per stalking dall&#8217;ex compagna, si ripresenta sotto casa della donna a Cengio: 45 romeno in manette"},"content":{"rendered":"<p><strong>Murialdo<\/strong>. I comportamenti violenti del compagno l&#8217;avevano convinta a chiudere la loro relazione ed a sporgere una denuncia ai carabinieri. Una trentaquattrenne romena, dalla casa dove conviveva con un connazionale di 45 anni, R.S., si era quindi trasferita a Cengio, nell&#8217;alloggio di un&#8217;anziana signora (per la quale gi\u00e0 lavorava come badante) pensando probabilmente di risolvere il suo problema. La vicenda, ieri sera, si \u00e8 invece conclusa con l&#8217;arresto dell&#8217;uomo per stalking.<\/p>\n<p>R.S., che probabilmente non voleva rassegnarsi alla fine della relazione, si \u00e8 presentato nella nuova residenza della ex e ha ripreso ad importunarla. Una pattuglia dei carabinieri lo ha per\u00f2 notato aggirarsi sotto l&#8217;appartamento e lo ha fermato. Dopo gli accertamenti del caso, i militari della Stazione di Cengio, con la collaborazione dei colleghi della Radiomobile di Cairo, vista la gravit\u00e0 del reato contestato (la donna lo aveva denunciato per atti persecutori spiegando di essere vittima di violenze fisiche e psicologiche), lo hanno arrestato.<\/p>\n<p>Dell&#8217;episodio \u00e8 stato subito informato il pubblico ministero di turno Danilo Ceccarelli, che ha assunto la direzione delle indagini. Il romeno \u00e8 stato quindi accompaganto al Sant&#8217;Agostino di Savona dove rester\u00e0 in attesa della convalida dell\u2019arresto. &#8220;Un intervento cos\u00ec risolutivo ed efficace per l\u2019incolumit\u00e0 della vittima \u00e8 stato possibile grazie anche dalle recenti normative entrate in vigore, che, vista la gravit\u00e0 dei fatti avvenuti in passato a livello nazionale, hanno notevolmente aumentato le pene previste per questo tipo di reato&#8221; precisa il comandante dei carabinieri di Cairo Luca Baldi.<\/p>\n","protected":false},"excerpt":{"rendered":"<p>Murialdo. I comportamenti violenti del compagno l&#8217;avevano convinta a chiudere la loro relazione ed a sporgere una denuncia ai carabinieri. Una trentaquattrenne romena, dalla casa dove conviveva con un connazionale di 45 anni, R.S., si era quindi trasferita a Cengio, nell&#8217;alloggio di un&#8217;anziana signora (per la quale gi\u00e0 lavorava come badante) pensando probabilmente di risolvere [&hellip;]<\/p>\n","protected":false},"author":13744,"featured_media":0,"comment_status":"open","ping_status":"closed","sticky":false,"template":"","format":"standard","meta":{"footnotes":""},"categories":[34],"tags":[666,85897,6117],"class_list":["post-254917","post","type-post","status-publish","format-standard","hentry","category-cronaca","tag-arresto","tag-cengio","tag-stalking","post_cat_citta-cairo-montenotte"],"amp_validity":null,"amp_enabled":true,"_links":{"self":[{"href":"https:\/\/staging.ivg.it\/ediapi\/wp\/v2\/posts\/254917","targetHints":{"allow":["GET"]}}],"collection":[{"href":"https:\/\/staging.ivg.it\/ediapi\/wp\/v2\/posts"}],"about":[{"href":"https:\/\/staging.ivg.it\/ediapi\/wp\/v2\/types\/post"}],"author":[{"embeddable":true,"href":"https:\/\/staging.ivg.it\/ediapi\/wp\/v2\/users\/13744"}],"replies":[{"embeddable":true,"href":"https:\/\/staging.ivg.it\/ediapi\/wp\/v2\/comments?post=254917"}],"version-history":[{"count":0,"href":"https:\/\/staging.ivg.it\/ediapi\/wp\/v2\/posts\/254917\/revisions"}],"wp:attachment":[{"href":"https:\/\/staging.ivg.it\/ediapi\/wp\/v2\/media?parent=254917"}],"wp:term":[{"taxonomy":"category","embeddable":true,"href":"https:\/\/staging.ivg.it\/ediapi\/wp\/v2\/categories?post=254917"},{"taxonomy":"post_tag","embeddable":true,"href":"https:\/\/staging.ivg.it\/ediapi\/wp\/v2\/tags?post=254917"}],"curies":[{"name":"wp","href":"https:\/\/api.w.org\/{rel}","templated":true}]}}