{"id":254811,"date":"2013-12-12T13:27:53","date_gmt":"2013-12-12T12:27:53","guid":{"rendered":"http:\/\/www.ivg.it\/?p=254811"},"modified":"2013-12-12T13:27:53","modified_gmt":"2013-12-12T12:27:53","slug":"protesta-forconi-sangalli-confcommercio-protesta-inaccettabile-nei-modi","status":"publish","type":"post","link":"https:\/\/staging.ivg.it\/2013\/12\/protesta-forconi-sangalli-confcommercio-protesta-inaccettabile-nei-modi\/","title":{"rendered":"Protesta Forconi, Sangalli (Confcommercio): &#8220;Protesta inaccettabile nei modi&#8221;"},"content":{"rendered":"<p><strong>Savona.<\/strong> Anche il presidente nazionale di Confcommercio, Carlo Sangalli, tira le orecchie ai &#8220;forconi&#8221; che in questi giorni, anche a Savona, hanno paralizzato le citt\u00e0.<\/p>\n<p>&#8220;Le famiglie e le imprese sono stremate da una crisi che sembra non finire mai e i segnali di ripresa sono ancora debolissimi. Ma dare voce a questo dramma quotidiano con manifestazioni che portano al caos \u00e8 inaccettabile perch\u00e8 l&#8217;esasperazione, anche se comprensibile, non pu\u00f2 prendere in alcun modo la via dell&#8217;intolleranza, delle minacce e della violenza&#8221; ha detto Sangalli.<\/p>\n<p>&#8220;Non \u00e8 accettabile soprattutto per le imprese, i lavoratori e le famiglie che vengono cos\u00ec bloccati nelle proprie attivit\u00e0. Tutte le forme di protesta \u2013 conclude Sangalli &#8211; devono, pertanto, rimanere nell&#8217;alveo della legalit\u00e0 e dell&#8217;ordine pubblico per non trasformare la terribile crisi economica in crisi sociale&#8221;.<\/p>\n","protected":false},"excerpt":{"rendered":"<p>Savona. Anche il presidente nazionale di Confcommercio, Carlo Sangalli, tira le orecchie ai &#8220;forconi&#8221; che in questi giorni, anche a Savona, hanno paralizzato le citt\u00e0. &#8220;Le famiglie e le imprese sono stremate da una crisi che sembra non finire mai e i segnali di ripresa sono ancora debolissimi. Ma dare voce a questo dramma quotidiano [&hellip;]<\/p>\n","protected":false},"author":13744,"featured_media":0,"comment_status":"open","ping_status":"closed","sticky":false,"template":"","format":"standard","meta":{"footnotes":""},"categories":[34,35],"tags":[1973,50774,85850],"class_list":["post-254811","post","type-post","status-publish","format-standard","hentry","category-cronaca","category-economia","tag-confcommercio","tag-forconi","tag-savona","post_cat_citta-savona"],"amp_validity":null,"amp_enabled":true,"_links":{"self":[{"href":"https:\/\/staging.ivg.it\/ediapi\/wp\/v2\/posts\/254811","targetHints":{"allow":["GET"]}}],"collection":[{"href":"https:\/\/staging.ivg.it\/ediapi\/wp\/v2\/posts"}],"about":[{"href":"https:\/\/staging.ivg.it\/ediapi\/wp\/v2\/types\/post"}],"author":[{"embeddable":true,"href":"https:\/\/staging.ivg.it\/ediapi\/wp\/v2\/users\/13744"}],"replies":[{"embeddable":true,"href":"https:\/\/staging.ivg.it\/ediapi\/wp\/v2\/comments?post=254811"}],"version-history":[{"count":0,"href":"https:\/\/staging.ivg.it\/ediapi\/wp\/v2\/posts\/254811\/revisions"}],"wp:attachment":[{"href":"https:\/\/staging.ivg.it\/ediapi\/wp\/v2\/media?parent=254811"}],"wp:term":[{"taxonomy":"category","embeddable":true,"href":"https:\/\/staging.ivg.it\/ediapi\/wp\/v2\/categories?post=254811"},{"taxonomy":"post_tag","embeddable":true,"href":"https:\/\/staging.ivg.it\/ediapi\/wp\/v2\/tags?post=254811"}],"curies":[{"name":"wp","href":"https:\/\/api.w.org\/{rel}","templated":true}]}}