{"id":254807,"date":"2013-12-12T12:40:54","date_gmt":"2013-12-12T11:40:54","guid":{"rendered":"http:\/\/www.ivg.it\/?p=254807"},"modified":"2013-12-12T17:35:43","modified_gmt":"2013-12-12T16:35:43","slug":"protesta-albenga-studenti-piazza-voglia-riscossa-paura-eventuali-sospensioni","status":"publish","type":"post","link":"https:\/\/staging.ivg.it\/2013\/12\/protesta-albenga-studenti-piazza-voglia-riscossa-paura-eventuali-sospensioni\/","title":{"rendered":"Protesta Albenga, studenti in piazza tra voglia di riscossa e paura di eventuali sospensioni"},"content":{"rendered":"<p><strong>Albenga<\/strong>. Il corteo arrivato ad Albenga da Alassio e che comprende molti studenti, in particolare dell&#8217;alberghiero &#8220;Giancardi&#8221;, ha toccato varie tappe, tra cui i licei ingauni (con l&#8217;invito rivolto ai &#8220;colleghi&#8221; in aula ad unirsi alla protesta), la sede di Equitalia, il centro storico e piazza del Popolo. <\/p>\n<p>Al passaggio dei manifestanti &#8211; un centinaio &#8211; i commercianti, un po&#8217; per paura e un po&#8217; per solidariet\u00e0, hanno abbassato le saracinesche. Significative le facce riprese dalle nostre telecamere, con negozianti impegnati a spostare la merce esposta all&#8217;esterno dei loro negozi con fare piuttosto preoccupato. <\/p>\n<p>I ragazzi sono andati avanti a suon di slogan, bloccando il traffico cottadino, ma non per molto. I loro pensieri, ora, sembrano pi\u00f9 che altro rivolti alle conseguenze delle loro scelte: c&#8217;\u00e8 chi parla della possibilit\u00e0 che il &#8220;Giancardi&#8221; prenda provvedimenti contro chi ha preso parte allo sciopero, e cos\u00ec, in men che non si dica, scatta una vera e propria &#8220;fobia&#8221; con telefonate a casa per dire a mamma e pap\u00e0 di coprirli nel caso la scuola chiamasse per sapere che fine avessero fatto i loro figli.<\/p>\n<p>Dopo la pausa pranzo sembra comunque che il corteo riprender\u00e0.<\/p>\n","protected":false},"excerpt":{"rendered":"<p>Albenga. Il corteo arrivato ad Albenga da Alassio e che comprende molti studenti, in particolare dell&#8217;alberghiero &#8220;Giancardi&#8221;, ha toccato varie tappe, tra cui i licei ingauni (con l&#8217;invito rivolto ai &#8220;colleghi&#8221; in aula ad unirsi alla protesta), la sede di Equitalia, il centro storico e piazza del Popolo. Al passaggio dei manifestanti &#8211; un centinaio [&hellip;]<\/p>\n","protected":false},"author":13744,"featured_media":0,"comment_status":"open","ping_status":"closed","sticky":false,"template":"","format":"standard","meta":{"footnotes":""},"categories":[34],"tags":[85841,50774,2152,654],"class_list":["post-254807","post","type-post","status-publish","format-standard","hentry","category-cronaca","tag-albenga","tag-forconi","tag-sciopero","tag-studenti","post_cat_citta-albenga"],"amp_validity":null,"amp_enabled":true,"_links":{"self":[{"href":"https:\/\/staging.ivg.it\/ediapi\/wp\/v2\/posts\/254807","targetHints":{"allow":["GET"]}}],"collection":[{"href":"https:\/\/staging.ivg.it\/ediapi\/wp\/v2\/posts"}],"about":[{"href":"https:\/\/staging.ivg.it\/ediapi\/wp\/v2\/types\/post"}],"author":[{"embeddable":true,"href":"https:\/\/staging.ivg.it\/ediapi\/wp\/v2\/users\/13744"}],"replies":[{"embeddable":true,"href":"https:\/\/staging.ivg.it\/ediapi\/wp\/v2\/comments?post=254807"}],"version-history":[{"count":0,"href":"https:\/\/staging.ivg.it\/ediapi\/wp\/v2\/posts\/254807\/revisions"}],"wp:attachment":[{"href":"https:\/\/staging.ivg.it\/ediapi\/wp\/v2\/media?parent=254807"}],"wp:term":[{"taxonomy":"category","embeddable":true,"href":"https:\/\/staging.ivg.it\/ediapi\/wp\/v2\/categories?post=254807"},{"taxonomy":"post_tag","embeddable":true,"href":"https:\/\/staging.ivg.it\/ediapi\/wp\/v2\/tags?post=254807"}],"curies":[{"name":"wp","href":"https:\/\/api.w.org\/{rel}","templated":true}]}}