{"id":254671,"date":"2013-12-10T13:18:33","date_gmt":"2013-12-10T12:18:33","guid":{"rendered":"http:\/\/www.ivg.it\/?p=254671"},"modified":"2013-12-10T13:18:33","modified_gmt":"2013-12-10T12:18:33","slug":"savona-la-biblioteca-ragazzi-compie-55-anni","status":"publish","type":"post","link":"https:\/\/staging.ivg.it\/2013\/12\/savona-la-biblioteca-ragazzi-compie-55-anni\/","title":{"rendered":"Savona, la biblioteca per ragazzi compie 55 anni"},"content":{"rendered":"<p><strong>Savona<\/strong>. Proseguono le iniziative per festeggiare i 55 anni dall&#8217;istituzione della sezione ragazzi della biblioteca civica di Savona, ora &#8220;Barrili Ragazzi&#8221;, e i 10 anni dall&#8217;inaugurazione delle nuove sale. Sabato 14 dicembre, alle ore 16, animazione del libro &#8220;La citt\u00e0 dei lupi blu&#8221; di Marco Viale, a cura dell&#8217;autore, per bambini dai 4 ai 7 anni.<\/p>\n<p>\u201cFesteggiamo insieme il compleanno della Barrili Ragazzi \u2013 dichiara l&#8217;assessore Elisa Di Padova &#8211; con una serie di iniziative dedicate ai pi\u00f9 piccoli per sottolineare quanto la sezione ragazzi sia un luogo di aggregazione e formazione importante con lo svolgimento di progetti educativi e formativi che possa accostarsi all&#8217;educazione tradizionale scolastica. Festeggiamo perch\u00e9 non \u00e8 solo un dovere amministrativo; \u00e8 da qui, da questi spazi che parte il nostro futuro; \u00e8 nei pomeriggi dei ragazzi in biblioteca e nel saper dare un&#8217;offerta per il loro tempo libero che si gioca una delle battaglie decisive per la crescita e formazione della persona di cui il libro \u00e8 un elemento insostituibile. Leggere per crescere e conoscersi ma anche per divertirsi e viaggiare con la fantasia. Il nostro obiettivo rinnovato la promozione della lettura oltre al coinvolgimento e l&#8217;attenzione che la sua responsabile e tutto lo staff riservano nei confronti dei piccoli ospiti e delle loro famiglie. Tanti auguri Barilli Ragazzi!\u201d.<\/p>\n","protected":false},"excerpt":{"rendered":"<p>Savona. Proseguono le iniziative per festeggiare i 55 anni dall&#8217;istituzione della sezione ragazzi della biblioteca civica di Savona, ora &#8220;Barrili Ragazzi&#8221;, e i 10 anni dall&#8217;inaugurazione delle nuove sale. Sabato 14 dicembre, alle ore 16, animazione del libro &#8220;La citt\u00e0 dei lupi blu&#8221; di Marco Viale, a cura dell&#8217;autore, per bambini dai 4 ai 7 [&hellip;]<\/p>\n","protected":false},"author":13744,"featured_media":0,"comment_status":"open","ping_status":"closed","sticky":false,"template":"","format":"standard","meta":{"footnotes":""},"categories":[],"tags":[288,85850],"class_list":["post-254671","post","type-post","status-publish","format-standard","hentry","tag-biblioteca","tag-savona","post_cat_citta-savona"],"amp_validity":null,"amp_enabled":true,"_links":{"self":[{"href":"https:\/\/staging.ivg.it\/ediapi\/wp\/v2\/posts\/254671","targetHints":{"allow":["GET"]}}],"collection":[{"href":"https:\/\/staging.ivg.it\/ediapi\/wp\/v2\/posts"}],"about":[{"href":"https:\/\/staging.ivg.it\/ediapi\/wp\/v2\/types\/post"}],"author":[{"embeddable":true,"href":"https:\/\/staging.ivg.it\/ediapi\/wp\/v2\/users\/13744"}],"replies":[{"embeddable":true,"href":"https:\/\/staging.ivg.it\/ediapi\/wp\/v2\/comments?post=254671"}],"version-history":[{"count":0,"href":"https:\/\/staging.ivg.it\/ediapi\/wp\/v2\/posts\/254671\/revisions"}],"wp:attachment":[{"href":"https:\/\/staging.ivg.it\/ediapi\/wp\/v2\/media?parent=254671"}],"wp:term":[{"taxonomy":"category","embeddable":true,"href":"https:\/\/staging.ivg.it\/ediapi\/wp\/v2\/categories?post=254671"},{"taxonomy":"post_tag","embeddable":true,"href":"https:\/\/staging.ivg.it\/ediapi\/wp\/v2\/tags?post=254671"}],"curies":[{"name":"wp","href":"https:\/\/api.w.org\/{rel}","templated":true}]}}