{"id":254638,"date":"2013-12-10T08:09:47","date_gmt":"2013-12-10T07:09:47","guid":{"rendered":"http:\/\/www.ivg.it\/?p=254638"},"modified":"2013-12-10T09:27:41","modified_gmt":"2013-12-10T08:27:41","slug":"protesta-forconi-savona-ritorno-alla-normalita-rimossi-i-blocchi-circolazione-scorrevole-tutta-la-citta","status":"publish","type":"post","link":"https:\/\/staging.ivg.it\/2013\/12\/protesta-forconi-savona-ritorno-alla-normalita-rimossi-i-blocchi-circolazione-scorrevole-tutta-la-citta\/","title":{"rendered":"Protesta forconi, a Savona ritorno alla normalit\u00e0: rimossi i blocchi, circolazione scorrevole in tutta la citt\u00e0"},"content":{"rendered":"<p><strong>Savona.<\/strong>  I &#8220;duri e puri&#8221; sono andati avanti tutta la notte, rimanendo sul campo e portando avanti una protesta che, nella giornata di ieri, ha paralizzato la citt\u00e0, ma da questa mattina la situazione si \u00e8 sbloccata.<\/p>\n<p>Intorno alle 7 polizia e forze dell&#8217;ordine che, da ore, hanno gli occhi puntati su questi manifestanti un po&#8217; improvvisati, hanno rimosso i blocchi stradali che tanti disagi hanno creato alla circolazione. Ora la viabilit\u00e0 \u00e8 scorrevole in ogni zona della citt\u00e0. <\/p>\n<p>In queste ore erano ancora un centinaio i &#8220;forconi&#8221; attivi che, per\u00f2, dopo ore di &#8220;pressing&#8221;, si sono convinti a desistere. Ieri la protesta ha creato veri e propri tappi per la viabilit\u00e0: sotto la Torretta, in piazza Saffi, piazza Mameli, piazza Leon Pancaldo.<\/p>\n<p>I vari cortei che hanno messo in scacco Savona per circa 12 ore hanno riunito cittadini e studenti in un generale rigurgito verso i politici e verso un governo a loro detta incapace di fare gli interessi della gente comune. Molti si sono sdraiati in mezzo alla carreggiata per impedire il fluire delle macchine fino ad arrivare a veri e propri blocchi, mentre i commercianti, dal canto loro, hanno tenuto abbassate le saracinesche in segno di disappunto. Il tutto condito da cori e sfott\u00f2 che hanno avuto come obiettivi anche i crocieristi pronti a imbarcarsi sulla Costa Serena.<\/p>\n<p>Oggi, per\u00f2, \u00e8 un altro giorno, e, a quanto pare, iniziato nel segno della normalit\u00e0.<\/p>\n","protected":false},"excerpt":{"rendered":"<p>Savona. I &#8220;duri e puri&#8221; sono andati avanti tutta la notte, rimanendo sul campo e portando avanti una protesta che, nella giornata di ieri, ha paralizzato la citt\u00e0, ma da questa mattina la situazione si \u00e8 sbloccata. Intorno alle 7 polizia e forze dell&#8217;ordine che, da ore, hanno gli occhi puntati su questi manifestanti un [&hellip;]<\/p>\n","protected":false},"author":13744,"featured_media":0,"comment_status":"open","ping_status":"closed","sticky":false,"template":"","format":"standard","meta":{"footnotes":""},"categories":[34],"tags":[50774,85850,2152],"class_list":["post-254638","post","type-post","status-publish","format-standard","hentry","category-cronaca","tag-forconi","tag-savona","tag-sciopero","post_cat_citta-savona"],"amp_validity":null,"amp_enabled":true,"_links":{"self":[{"href":"https:\/\/staging.ivg.it\/ediapi\/wp\/v2\/posts\/254638","targetHints":{"allow":["GET"]}}],"collection":[{"href":"https:\/\/staging.ivg.it\/ediapi\/wp\/v2\/posts"}],"about":[{"href":"https:\/\/staging.ivg.it\/ediapi\/wp\/v2\/types\/post"}],"author":[{"embeddable":true,"href":"https:\/\/staging.ivg.it\/ediapi\/wp\/v2\/users\/13744"}],"replies":[{"embeddable":true,"href":"https:\/\/staging.ivg.it\/ediapi\/wp\/v2\/comments?post=254638"}],"version-history":[{"count":0,"href":"https:\/\/staging.ivg.it\/ediapi\/wp\/v2\/posts\/254638\/revisions"}],"wp:attachment":[{"href":"https:\/\/staging.ivg.it\/ediapi\/wp\/v2\/media?parent=254638"}],"wp:term":[{"taxonomy":"category","embeddable":true,"href":"https:\/\/staging.ivg.it\/ediapi\/wp\/v2\/categories?post=254638"},{"taxonomy":"post_tag","embeddable":true,"href":"https:\/\/staging.ivg.it\/ediapi\/wp\/v2\/tags?post=254638"}],"curies":[{"name":"wp","href":"https:\/\/api.w.org\/{rel}","templated":true}]}}