{"id":254575,"date":"2013-12-09T10:41:07","date_gmt":"2013-12-09T09:41:07","guid":{"rendered":"http:\/\/www.ivg.it\/?p=254575"},"modified":"2013-12-09T19:29:51","modified_gmt":"2013-12-09T18:29:51","slug":"comizi-improvvisati-slogan-pacifici-focaccia-gratis-lo-sciopero-dei-forconi-salsa-savonese","status":"publish","type":"post","link":"https:\/\/staging.ivg.it\/2013\/12\/comizi-improvvisati-slogan-pacifici-focaccia-gratis-lo-sciopero-dei-forconi-salsa-savonese\/","title":{"rendered":"Comizi improvvisati, blocco del traffico e focaccia gratis per tutti: lo sciopero dei Forconi in salsa savonese"},"content":{"rendered":"<p><strong>Savona.<\/strong> <em>Agg. h. 12,10<\/em> &#8211; Si segnalano forti disagi alla circolazione a Savona. Due gruppi di manifestanti &#8211; uno in piazza Saffi e l&#8217;altro nei pressi della Torretta &#8211; stanno bloccando il traffico con conseguente nervosismo e caos per le strade. &#8211;<\/p>\n<p>Questa mattina, in piazza Saffi, chiunque pu\u00f2 improvvisarsi &#8220;novello Beppe Grillo&#8221;. E&#8217; bastato un pulmino adibito a mo&#8217; di palcoscenico con microfono e casse, ed ecco che qualunque cittadino, anche solo di passaggio, ha potuto &#8211; e pu\u00f2 &#8211; prendere la parola per dire la sua e maledire il governo ladro. <\/p>\n<p>Il popolo dei Forconi si \u00e8 organizzato cos\u00ec, per una manifestazione pacifica che, a Savona, \u00e8 stata caratterizzata, oltre che dal blocco del traffico, da slogan, discorsi improvvisati e focaccia gratuita per tutti, gentilmente offerta dalla panetteria &#8220;Emy&#8221;. L&#8217;Inno d&#8217;Italia campeggia su alcuni striscioni, mentre le altre scritte riportano frasi del tipo: &#8220;L&#8217;Italia chiama, noi rispondiamo&#8221;.<\/p>\n<p>A spiegare le ragioni della protesta \u00e8 Micaela Branchetti del Coordinamento dei &#8220;forconi savonesi&#8221;: &#8220;Siamo stufi di questo governo che ci ha messo alla fame, stufi che si facciano i loro comodi: vogliamo solo riappropriarci dei nostri diritti che sono sanciti dalla Costituzione. Non ne possiamo pi\u00f9 di globabizzazione ed Europa, vogliamo riappropriarci della sovranit\u00e0 popolare e monetaria&#8221;. <\/p>\n<p>&#8220;Questa \u00e8 una manifestazione apartitica, pacifica, non \u00e8 di settore: siamo &#8216;solo&#8217; e semplicemente italiani scesi in piazza per dire che i nostri politici stanno lavorando male, non stanno lavorando per noi e, quindi, noi li licenziamo&#8221; conclude Branchetti. <\/p>\n<p>Il presidio, cos\u00ec come comunicato alla Prefettura, andr\u00e0 avanti a oltranza, giorno e notte. Una protesta di cittadini determinati ma pacifici che, appena vedono anche solo qualche burlone gettare petardi, lo allontanano severamente.    <\/p>\n","protected":false},"excerpt":{"rendered":"<p>Savona. Agg. h. 12,10 &#8211; Si segnalano forti disagi alla circolazione a Savona. Due gruppi di manifestanti &#8211; uno in piazza Saffi e l&#8217;altro nei pressi della Torretta &#8211; stanno bloccando il traffico con conseguente nervosismo e caos per le strade. &#8211; Questa mattina, in piazza Saffi, chiunque pu\u00f2 improvvisarsi &#8220;novello Beppe Grillo&#8221;. E&#8217; bastato [&hellip;]<\/p>\n","protected":false},"author":13744,"featured_media":0,"comment_status":"open","ping_status":"closed","sticky":false,"template":"","format":"standard","meta":{"footnotes":""},"categories":[34],"tags":[50774,85850,2152],"class_list":["post-254575","post","type-post","status-publish","format-standard","hentry","category-cronaca","tag-forconi","tag-savona","tag-sciopero","post_cat_citta-savona"],"amp_validity":null,"amp_enabled":true,"_links":{"self":[{"href":"https:\/\/staging.ivg.it\/ediapi\/wp\/v2\/posts\/254575","targetHints":{"allow":["GET"]}}],"collection":[{"href":"https:\/\/staging.ivg.it\/ediapi\/wp\/v2\/posts"}],"about":[{"href":"https:\/\/staging.ivg.it\/ediapi\/wp\/v2\/types\/post"}],"author":[{"embeddable":true,"href":"https:\/\/staging.ivg.it\/ediapi\/wp\/v2\/users\/13744"}],"replies":[{"embeddable":true,"href":"https:\/\/staging.ivg.it\/ediapi\/wp\/v2\/comments?post=254575"}],"version-history":[{"count":0,"href":"https:\/\/staging.ivg.it\/ediapi\/wp\/v2\/posts\/254575\/revisions"}],"wp:attachment":[{"href":"https:\/\/staging.ivg.it\/ediapi\/wp\/v2\/media?parent=254575"}],"wp:term":[{"taxonomy":"category","embeddable":true,"href":"https:\/\/staging.ivg.it\/ediapi\/wp\/v2\/categories?post=254575"},{"taxonomy":"post_tag","embeddable":true,"href":"https:\/\/staging.ivg.it\/ediapi\/wp\/v2\/tags?post=254575"}],"curies":[{"name":"wp","href":"https:\/\/api.w.org\/{rel}","templated":true}]}}