{"id":254570,"date":"2013-12-09T09:16:59","date_gmt":"2013-12-09T08:16:59","guid":{"rendered":"http:\/\/www.ivg.it\/?p=254570"},"modified":"2013-12-09T19:42:18","modified_gmt":"2013-12-09T18:42:18","slug":"sciopero-dei-forconi-studenti-piazza-saracinesche-abbassate-la-rivolta-prende-forma-nel-savonese","status":"publish","type":"post","link":"https:\/\/staging.ivg.it\/2013\/12\/sciopero-dei-forconi-studenti-piazza-saracinesche-abbassate-la-rivolta-prende-forma-nel-savonese\/","title":{"rendered":"Sciopero dei Forconi, studenti in piazza, saracinesche abbassate e cittadini che bloccano le strade: la rivolta prende forma nel Savonese"},"content":{"rendered":"<p><strong>Loano<\/strong>. &#8220;Non ci fanno studiare perch\u00e9 un popolo di ignoranti \u00e8 pi\u00f9 facile da governare&#8221;: questo il tenore degli slogan degli studenti dell&#8217;Istituto &#8220;Giovanni Falcone&#8221; di Loano che aderiscono alle motivazioni dello sciopero del 9 dicembre.<\/p>\n<p>I ragazzi hanno deciso di non fare lezione ma di dare vita a un corteo che ha attraversato la cittadina rivierasca fino al Comune dove stazioneranno per un po&#8217;. &#8220;Ci stanno rubando il futuro &#8211; dice Gabriel, rappresentante di istituto &#8211; Da quanto sappiamo anche gli studenti dell&#8217;Issel di Finale stanno scioperando. Il Giordano Bruno di Albenga, invece, pare non abbia aderito&#8221;. <\/p>\n<p>&#8220;Ci hanno scritto tanti su Facebook: la nostra paura \u00e8 quella di rimanere disoccupati dopo la Maturit\u00e0. Non aderiamo di per s\u00e9 al movimento dei Forconi, ma vogliamo solo esprimere il nostro disagio&#8221; conclude Gabriel. Aggiunge Francesco: &#8220;Resteremo qui fino all&#8217;ora di pranzo, poi andremo a Savona dove ci uniremo ad altre scuole. Alcuni professori hanno aderito allo sciopero insieme a noi. La protesta si fermer\u00e0 ad oggi, ma abbiamo voluto dare un segnale forte: la scuola, e i giovani, oggi pagano politiche sbagliate&#8221;. <\/p>\n<p>Questi giovani si uniscono ai tanti commercianti che, da Albenga ad Andora e fino a Savona, hanno tenuto gi\u00f9 le saracinesche. &#8220;Aderisco allo sciopero del 9 novembre: chi non ha il coraggio di ribellarsi, non ha il diritto di lamentarsi&#8221; \u00e8 il cartello che campeggia su tante attivit\u00e0 commerciali della provincia. <\/p>\n<p>In questi minuti, inoltre, un gruppo di cittadini sta bloccando la strada ad Andora, nei pressi di Capo Mimosa: sul posto sono intervenuti i carabinieri.<\/p>\n<p>La protesta del cosiddetto popolo dei Forconi miete dunque consensi anche nel Savonese, tra studenti, commercianti e cittadini in generale. Si tratta di un\u2019iniziativa spontaneista basata sull\u2019insoddisfazione verso la classe politica, sul malcontento e sulla rabbia; oltre al \u201critorno\u201d alla sovranit\u00e0 popolare, propone anche la sovranit\u00e0 monetaria.<\/p>\n<p>L\u2019idea degli organizzatori \u00e8 ambiziosa: \u201cBloccheremo l\u2019Italia da Pordenone alla Sicilia. Non se ne pu\u00f2 pi\u00f9 di Unione Europea, di Angela Merkel, di \u2018fiscal compact\u2019, di \u2018stabilit\u00e0\u2019, di Letta, di Alfano, di Bilderberg\u201d.<\/p>\n<p>L\u2019invito \u00e8 manifestazioni pacifiche, senza intemperanze n\u00e9 vandalismi. Nel volantino diffuso anche nel Savonese si legge: \u201cL\u2019Italia si ribella e scende nelle strade e nelle piazze. Contro il far-west della globalizzazione che ha sterminato il lavoro degli italiani, contro questo modello di \u2018Europa\u2019, per riprenderci la sovranit\u00e0 popolare e monetaria, per riappropriarci della democrazia, per il rispetto della Costituzione, contro un governo di nominati, per difendere la nostra dignit\u00e0\u201d.  <\/p>\n<p>Nessuna certezza sulla durata di questa rivolta. Chi dice che durer\u00e0 fino al 13 dicembre, chi sostiene che andr\u00e0 avanti ad oltranza.<\/p>\n","protected":false},"excerpt":{"rendered":"<p>Loano. &#8220;Non ci fanno studiare perch\u00e9 un popolo di ignoranti \u00e8 pi\u00f9 facile da governare&#8221;: questo il tenore degli slogan degli studenti dell&#8217;Istituto &#8220;Giovanni Falcone&#8221; di Loano che aderiscono alle motivazioni dello sciopero del 9 dicembre. I ragazzi hanno deciso di non fare lezione ma di dare vita a un corteo che ha attraversato la [&hellip;]<\/p>\n","protected":false},"author":13744,"featured_media":0,"comment_status":"open","ping_status":"closed","sticky":false,"template":"","format":"standard","meta":{"footnotes":""},"categories":[34],"tags":[50774,85850,2152,654],"class_list":["post-254570","post","type-post","status-publish","format-standard","hentry","category-cronaca","tag-forconi","tag-savona","tag-sciopero","tag-studenti","post_cat_citta-loano"],"amp_validity":null,"amp_enabled":true,"_links":{"self":[{"href":"https:\/\/staging.ivg.it\/ediapi\/wp\/v2\/posts\/254570","targetHints":{"allow":["GET"]}}],"collection":[{"href":"https:\/\/staging.ivg.it\/ediapi\/wp\/v2\/posts"}],"about":[{"href":"https:\/\/staging.ivg.it\/ediapi\/wp\/v2\/types\/post"}],"author":[{"embeddable":true,"href":"https:\/\/staging.ivg.it\/ediapi\/wp\/v2\/users\/13744"}],"replies":[{"embeddable":true,"href":"https:\/\/staging.ivg.it\/ediapi\/wp\/v2\/comments?post=254570"}],"version-history":[{"count":0,"href":"https:\/\/staging.ivg.it\/ediapi\/wp\/v2\/posts\/254570\/revisions"}],"wp:attachment":[{"href":"https:\/\/staging.ivg.it\/ediapi\/wp\/v2\/media?parent=254570"}],"wp:term":[{"taxonomy":"category","embeddable":true,"href":"https:\/\/staging.ivg.it\/ediapi\/wp\/v2\/categories?post=254570"},{"taxonomy":"post_tag","embeddable":true,"href":"https:\/\/staging.ivg.it\/ediapi\/wp\/v2\/tags?post=254570"}],"curies":[{"name":"wp","href":"https:\/\/api.w.org\/{rel}","templated":true}]}}