{"id":254153,"date":"2013-11-30T18:43:50","date_gmt":"2013-11-30T17:43:50","guid":{"rendered":"http:\/\/www.ivg.it\/?p=254153"},"modified":"2013-12-01T18:50:15","modified_gmt":"2013-12-01T17:50:15","slug":"fondocasa-festeggia-25-anni-pollero-mercato-difficile-grazie-alla-qualita-abbiamo-retto-alla-crisi","status":"publish","type":"post","link":"https:\/\/staging.ivg.it\/2013\/11\/fondocasa-festeggia-25-anni-pollero-mercato-difficile-grazie-alla-qualita-abbiamo-retto-alla-crisi\/","title":{"rendered":"Fondocasa festeggia 25 anni, Pollero: &#8220;Mercato difficile, grazie alla qualit\u00e0 abbiamo retto alla crisi&#8221;"},"content":{"rendered":"<p><strong>Loano<\/strong>. Fondocasa venne fondata nel 1988 dall&#8217;attuale presidente Alessandro Pollero. Nel 1996 part\u00ec il progetto franchising, ponendosi sul mercato con la forza propulsiva propria delle moderne organizzazioni. Con il passare del tempo \u00e8 divenuto un punto di riferimento del mercato immobiliare: ora \u00e8 presente in nove regioni d&#8217;Italia.<\/p>\n<p>Oggi Fondocasa ha festeggiato i 25 anni di attivit\u00e0, presso il Loano 2 Village. Dirigenti, dipendenti e ad alcuni affezionati clienti si sono ritrovati per celebrare il traguardo del quarto di secolo.<\/p>\n<p>&#8220;\u00c8 facile dire eccomi, bisogno anche esserci&#8221;. Questo lo slogan scelto per il 25\u00b0 anniversario, stampato su un cartellone che \u00e8 stato poi firmato da tutti i protagonisti dell&#8217;azienda. &#8220;Noi siamo una realt\u00e0 che lavorando con costanza e determinazione &#8211; dichiara Pollero -. Ci siamo, vogliamo esserci oggi e vorremmo esserci nel prossimo futuro&#8221;.<\/p>\n<p>La crisi economica degli ultimi anni ha colpito duramente il settore immobiliare. &#8220;Noi vediamo il mercato in maniera positiva &#8211; spiega -. Le eccellenze professionali prendono quote di mercato. Bisogna rigorosamente aver avuto la volont\u00e0 e la forza di fare dieci passi indietro e cambiare il modello di lavoro. Noi lo abbiamo fatto e i risultati ci stanno rigorosamente pagando. Noi e il gruppo che rappresento ci portano solo grande soddisfazione&#8221;.<\/p>\n<p>Da Pietra Ligure a Villanova d&#8217;Albenga, dov&#8217;\u00e8 ora la sede principale, fino a gran parte dell&#8217;Italia. Ora i numeri di Fondocasa sono notevoli. &#8220;Per quanto concerne le agenzie immobiliari abbiamo l&#8217;apertura di 110 uffici, distribuiti soprattutto sul nord Italia, con punti anche nell&#8217;area del Lazio e prossime aperture previste per inizio anno sulla piazza di Napoli&#8221;.<\/p>\n<p>&#8220;In questi anni &#8211; prosegue Pollero &#8211; il mercato \u00e8 diventato molto pi\u00f9 selettivo; \u00e8 subentrata la qualit\u00e0. Ritengo che si sia tornati ai fondamentali, cio\u00e8 a quello che si faceva venti anni fa. Si devono saper valutare i beni e fare mutui al prezzo corretto di mercato. Reputo che questo passaggio possa essere positivo, per valorizzare la categoria e la professione&#8221;.<\/p>\n<p>Nell&#8217;ultimo anno c&#8217;\u00e8 stato il debutto di un nuovo marchio, dedicato agli affitti. &#8220;Un mercato che \u00e8 meno in crisi &#8211; rimarca Pollero -, ma soprattutto, con la restrizione dell&#8217;asset creditizio, ha riportato il consumatore finale a rivalutare in maniera totale l&#8217;asset degli affitti. Noi lo vediamo come un business interessante, ma soprattutto di totale collaborazione con il mondo della vendita della casa&#8221;.<\/p>\n<p>Previsioni per il 2014? &#8220;Lo prevediamo stabile per le compravendite. Quest&#8217;anno chiudiamo con circa 410 mila compravendite contro le 440 mila del 2012. Reputo &#8211; conclude il presidente di Fondocasa &#8211; che sia un anno in linea su questi numeri, i professionisti di qualit\u00e0 che saranno sul mercato avranno l&#8217;opportunit\u00e0 di acquisire quote di mercato che altri lasceranno&#8221;.<\/p>\n","protected":false},"excerpt":{"rendered":"<p>Loano. Fondocasa venne fondata nel 1988 dall&#8217;attuale presidente Alessandro Pollero. Nel 1996 part\u00ec il progetto franchising, ponendosi sul mercato con la forza propulsiva propria delle moderne organizzazioni. Con il passare del tempo \u00e8 divenuto un punto di riferimento del mercato immobiliare: ora \u00e8 presente in nove regioni d&#8217;Italia. Oggi Fondocasa ha festeggiato i 25 anni [&hellip;]<\/p>\n","protected":false},"author":13744,"featured_media":0,"comment_status":"open","ping_status":"closed","sticky":false,"template":"","format":"standard","meta":{"footnotes":""},"categories":[35],"tags":[2716,85827,7918],"class_list":["post-254153","post","type-post","status-publish","format-standard","hentry","category-economia","tag-affitti","tag-loano","tag-mercato-immobiliare","post_cat_citta-andora","post_cat_citta-loano","post_cat_citta-pietra-ligure","post_cat_citta-villanova-dalbenga"],"amp_validity":null,"amp_enabled":true,"_links":{"self":[{"href":"https:\/\/staging.ivg.it\/ediapi\/wp\/v2\/posts\/254153","targetHints":{"allow":["GET"]}}],"collection":[{"href":"https:\/\/staging.ivg.it\/ediapi\/wp\/v2\/posts"}],"about":[{"href":"https:\/\/staging.ivg.it\/ediapi\/wp\/v2\/types\/post"}],"author":[{"embeddable":true,"href":"https:\/\/staging.ivg.it\/ediapi\/wp\/v2\/users\/13744"}],"replies":[{"embeddable":true,"href":"https:\/\/staging.ivg.it\/ediapi\/wp\/v2\/comments?post=254153"}],"version-history":[{"count":0,"href":"https:\/\/staging.ivg.it\/ediapi\/wp\/v2\/posts\/254153\/revisions"}],"wp:attachment":[{"href":"https:\/\/staging.ivg.it\/ediapi\/wp\/v2\/media?parent=254153"}],"wp:term":[{"taxonomy":"category","embeddable":true,"href":"https:\/\/staging.ivg.it\/ediapi\/wp\/v2\/categories?post=254153"},{"taxonomy":"post_tag","embeddable":true,"href":"https:\/\/staging.ivg.it\/ediapi\/wp\/v2\/tags?post=254153"}],"curies":[{"name":"wp","href":"https:\/\/api.w.org\/{rel}","templated":true}]}}