{"id":253788,"date":"2013-11-25T17:13:23","date_gmt":"2013-11-25T16:13:23","guid":{"rendered":"http:\/\/www.ivg.it\/?p=253788"},"modified":"2013-11-25T17:34:46","modified_gmt":"2013-11-25T16:34:46","slug":"decadenza-silvio-berlusconi-delegazione-savonese-alla-manifestazione-il-leader-forza-italia","status":"publish","type":"post","link":"https:\/\/staging.ivg.it\/2013\/11\/decadenza-silvio-berlusconi-delegazione-savonese-alla-manifestazione-il-leader-forza-italia\/","title":{"rendered":"Decadenza di Silvio Berlusconi, delegazione savonese alla manifestazione per il leader di Forza Italia"},"content":{"rendered":"<p><strong>Savona. <\/strong>Mercoled\u00ec 27 novembre l&#8217;assemblea di Palazzo Madama voter\u00e0 sulla decadenza da senatore di Silvio Berlusconi. In concomitanza con il voto del Senato, il partito organizza una grande manifestazione a Roma in segno di solidariet\u00e0 con il leader di Forza Italia. <\/p>\n<p>Dalla provincia di Savona partir\u00e0 un pullman  per prendere parte alla manifestazione, alla quale parteciper\u00e0 una delegazione savonese. Il mezzo partir\u00e0 mercoled\u00ec mattina alle ore 05:30 dal piazzale dell&#8217;autogrill autostradale di Savona.<\/p>\n","protected":false},"excerpt":{"rendered":"<p>Savona. Mercoled\u00ec 27 novembre l&#8217;assemblea di Palazzo Madama voter\u00e0 sulla decadenza da senatore di Silvio Berlusconi. In concomitanza con il voto del Senato, il partito organizza una grande manifestazione a Roma in segno di solidariet\u00e0 con il leader di Forza Italia. Dalla provincia di Savona partir\u00e0 un pullman per prendere parte alla manifestazione, alla quale [&hellip;]<\/p>\n","protected":false},"author":13744,"featured_media":0,"comment_status":"open","ping_status":"closed","sticky":false,"template":"","format":"standard","meta":{"footnotes":""},"categories":[31],"tags":[505,85850,3240,696],"class_list":["post-253788","post","type-post","status-publish","format-standard","hentry","category-politica","tag-forza-italia","tag-savona","tag-senato","tag-silvio-berlusconi","post_cat_citta-andora","post_cat_citta-savona"],"amp_validity":null,"amp_enabled":true,"_links":{"self":[{"href":"https:\/\/staging.ivg.it\/ediapi\/wp\/v2\/posts\/253788","targetHints":{"allow":["GET"]}}],"collection":[{"href":"https:\/\/staging.ivg.it\/ediapi\/wp\/v2\/posts"}],"about":[{"href":"https:\/\/staging.ivg.it\/ediapi\/wp\/v2\/types\/post"}],"author":[{"embeddable":true,"href":"https:\/\/staging.ivg.it\/ediapi\/wp\/v2\/users\/13744"}],"replies":[{"embeddable":true,"href":"https:\/\/staging.ivg.it\/ediapi\/wp\/v2\/comments?post=253788"}],"version-history":[{"count":0,"href":"https:\/\/staging.ivg.it\/ediapi\/wp\/v2\/posts\/253788\/revisions"}],"wp:attachment":[{"href":"https:\/\/staging.ivg.it\/ediapi\/wp\/v2\/media?parent=253788"}],"wp:term":[{"taxonomy":"category","embeddable":true,"href":"https:\/\/staging.ivg.it\/ediapi\/wp\/v2\/categories?post=253788"},{"taxonomy":"post_tag","embeddable":true,"href":"https:\/\/staging.ivg.it\/ediapi\/wp\/v2\/tags?post=253788"}],"curies":[{"name":"wp","href":"https:\/\/api.w.org\/{rel}","templated":true}]}}