{"id":253634,"date":"2013-11-22T13:49:16","date_gmt":"2013-11-22T12:49:16","guid":{"rendered":"http:\/\/www.ivg.it\/?p=253634"},"modified":"2013-11-22T18:35:05","modified_gmt":"2013-11-22T17:35:05","slug":"consulta-ligure-domenica-al-priamar-la-celebrazione-i-40-anni","status":"publish","type":"post","link":"https:\/\/staging.ivg.it\/2013\/11\/consulta-ligure-domenica-al-priamar-la-celebrazione-i-40-anni\/","title":{"rendered":"Consulta Ligure: domenica al Priamar la celebrazione per i 40 anni"},"content":{"rendered":"<p><strong>Savona<\/strong>. Domenica 24 novembre, a Savona, si terr\u00e0 la celebrazione dei 40 anni della Consulta Ligure.<\/p>\n<p>La manifestazione inizier\u00e0 in piazza Sisto IV con il raduno delle associazioni con gonfalone alle ore 9,30. Alle 9,45 \u00e8 prevista la partenza del corteo per la fortezza del Priamar attraverso corso Italia e corso Mazzini.<\/p>\n<p>Nella Sala della Sibilla, alle ore 10,15, inizier\u00e0 il convegno, fortemente voluto dal presidente Antonio Elmo Bazzano, mancato improvvisamente il 5 settembre 2013. <\/p>\n<p>Il convegno sar\u00e0 introdotto da Franco Bampi, vicepresidente vicario Consulta Ligure e presidente de A Compagna. Dopo i saluti del sindaco di Savona Federico Berruti, del presidente della Provincia Angelo Vaccarezza e dell&#8217;assessore regionale alla Cultura Angelo Berlangieri, inizier\u00e0 il dibattito, moderato da Giovanni Ghione e condotto da Franco Gallea, sovraintendente alla cultura della Consulta Ligure.<\/p>\n","protected":false},"excerpt":{"rendered":"<p>Savona. Domenica 24 novembre, a Savona, si terr\u00e0 la celebrazione dei 40 anni della Consulta Ligure. La manifestazione inizier\u00e0 in piazza Sisto IV con il raduno delle associazioni con gonfalone alle ore 9,30. Alle 9,45 \u00e8 prevista la partenza del corteo per la fortezza del Priamar attraverso corso Italia e corso Mazzini. Nella Sala della [&hellip;]<\/p>\n","protected":false},"author":13744,"featured_media":0,"comment_status":"open","ping_status":"closed","sticky":false,"template":"","format":"standard","meta":{"footnotes":""},"categories":[],"tags":[17083,8393,85995,85850],"class_list":["post-253634","post","type-post","status-publish","format-standard","hentry","tag-franco-gallea","tag-piazza-sisto-iv","tag-priamar","tag-savona","post_cat_citta-savona"],"amp_validity":null,"amp_enabled":true,"_links":{"self":[{"href":"https:\/\/staging.ivg.it\/ediapi\/wp\/v2\/posts\/253634","targetHints":{"allow":["GET"]}}],"collection":[{"href":"https:\/\/staging.ivg.it\/ediapi\/wp\/v2\/posts"}],"about":[{"href":"https:\/\/staging.ivg.it\/ediapi\/wp\/v2\/types\/post"}],"author":[{"embeddable":true,"href":"https:\/\/staging.ivg.it\/ediapi\/wp\/v2\/users\/13744"}],"replies":[{"embeddable":true,"href":"https:\/\/staging.ivg.it\/ediapi\/wp\/v2\/comments?post=253634"}],"version-history":[{"count":0,"href":"https:\/\/staging.ivg.it\/ediapi\/wp\/v2\/posts\/253634\/revisions"}],"wp:attachment":[{"href":"https:\/\/staging.ivg.it\/ediapi\/wp\/v2\/media?parent=253634"}],"wp:term":[{"taxonomy":"category","embeddable":true,"href":"https:\/\/staging.ivg.it\/ediapi\/wp\/v2\/categories?post=253634"},{"taxonomy":"post_tag","embeddable":true,"href":"https:\/\/staging.ivg.it\/ediapi\/wp\/v2\/tags?post=253634"}],"curies":[{"name":"wp","href":"https:\/\/api.w.org\/{rel}","templated":true}]}}