{"id":253608,"date":"2013-11-22T09:45:35","date_gmt":"2013-11-22T08:45:35","guid":{"rendered":"http:\/\/www.ivg.it\/?p=253608"},"modified":"2013-11-23T08:11:01","modified_gmt":"2013-11-23T07:11:01","slug":"tecnocivis-vaccarezza-denuncia-rsu-procurato-allarme-dichiarazioni-sconsiderate-ricattatorie","status":"publish","type":"post","link":"https:\/\/staging.ivg.it\/2013\/11\/tecnocivis-vaccarezza-denuncia-rsu-procurato-allarme-dichiarazioni-sconsiderate-ricattatorie\/","title":{"rendered":"Tecnocivis, Vaccarezza denuncia Rsu per procurato allarme: &#8220;Dichiarazioni sconsiderate e ricattatorie&#8221;"},"content":{"rendered":"<p><strong>Savona.<\/strong> Una denuncia per procurato allarme. E&#8217; quella che un furibondo Angelo Vaccarezza annuncia nei confronti dei lavoratori di Tecnocivis, in uno sfogo rilasciato in esclusiva a IVG.it.<\/p>\n<p>Dopo la lettera inviata a Palazzo Nervi e ai presidi delle scuole da parte dei lavoratori della societ\u00e0 che svolge i servizi di verifica sugli impianti termici, manutenzione sugli edifici pubblici dell\u2019ente provinciale e su istituti scolastici di II\u00b0 grado, nella quale si parla di un bilancio provinciale che non prevederebbe alcuna somma destinata a Tecnocivis, con la conseguente possibilit\u00e0 che da gennaio non venga pi\u00f9 erogato un importante servizio, il presidente della Provincia di Savona risponde con dichiarazioni e intenzioni ferme e precise.<\/p>\n<p>&#8220;Questa mattina ho dato mandato ai legali della Provincia di formulare una denuncia di procurato allarme nei confronti della Rsu di Tecnocivis e luned\u00ec mattina questa denuncia sar\u00e0 inviata alla procura della Repubblica &#8211; esordisce Vaccarezza &#8211; Non si possono dire certe cose. Primo non capisco come la Rsu possa conoscere il mio bilancio: lo presenteremo in giunta il prossimo 3 dicembre e stiamo facendo salti mortali per garantire tutti i servizi anche nel 2014, oltretutto in un quadro nazionale che prevede lo scioglimento delle Province a partire da giugno e un disegno di legge che vuole toglierci la competenza sulle scuole addirittura da gennaio. Stiamo cercando di spiegare a Roma che questo \u00e8 un errore, che oltre i servizi ci sono anche posti di lavoro, ma evidentemente la Rsu questo non lo sa&#8221;. <\/p>\n<p>&#8220;Quindi vorrei sapere come possa conoscere il bilancio provinciale e sapere le nostre determinazioni, o come questi lavoratori facciano a mandare una lettera del genere ai presidi delle scuole scrivendo che non sanno se sar\u00e0 garantito il servizio per l&#8217;anno prossimo e che \u00e8 messa a rischio la sicurezza dei nostri ragazzi &#8211; continua il presidente della Provincia -. Io voglio fare un invito ai lavoratori di Tecnocivis: abbiamo fatto grandi sacrifici per garantire un servizio di qualit\u00e0 e affidarlo a voi. Ho visto che da luned\u00ec minacciate lo sciopero: io non ve lo posso certo impedire ma \u00e8 veramente poco serio che voi lo diciate, \u00e8 poco serio che in un Paese in cui si fa fatica a mettere insieme il pranzo con la cena voi vi mettiate in stato di agitazione in maniera ricattatoria&#8221;. <\/p>\n<p>&#8220;Comunque ci vedremo gioved\u00ec 28 novembre (ore 10 e 30) per la riunione che ho convocato con Rsu, presidi delle scuole e gli organi di informazione che hanno diritto di parteciparvi perch\u00e9 \u00e8 bene che sappiano tutto tutti. In quell&#8217;occasione vi parler\u00f2 del bilancio. Per ora, cari lavoratori, vi dico che vi denuncio per procurato allarme e che mi auguro che voi non facciate ricadere questo brutto ricatto sui nostri ragazzi &#8211; spiega -. Sarebbe una pagina davvero brutta nella storia di questa provincia&#8221;.<\/p>\n<p>La conferma dell&#8217;incontro \u00e8 giunta poco fa. &#8220;In merito all&#8217;incresciosa vicenda emersa in questi giorni &#8211; comunica il presidente Angelo Vaccarezza -, evidenziata anche dagli organi di stampa, \u00e8 convocato un incontro per il giorno gioved\u00ec 28 novembre alle ore 10,30 presso la sala consiliare, al primo piano del palazzo della Provincia&#8221;.<\/p>\n<p>&#8220;Fornire informazioni sulla reale situazione&#8221; \u00e8 la motivazione per la quale \u00e8 stato deciso l&#8217;incontro.<\/p>\n","protected":false},"excerpt":{"rendered":"<p>Savona. Una denuncia per procurato allarme. E&#8217; quella che un furibondo Angelo Vaccarezza annuncia nei confronti dei lavoratori di Tecnocivis, in uno sfogo rilasciato in esclusiva a IVG.it. Dopo la lettera inviata a Palazzo Nervi e ai presidi delle scuole da parte dei lavoratori della societ\u00e0 che svolge i servizi di verifica sugli impianti termici, [&hellip;]<\/p>\n","protected":false},"author":13744,"featured_media":0,"comment_status":"open","ping_status":"closed","sticky":false,"template":"","format":"standard","meta":{"footnotes":""},"categories":[34],"tags":[2317,85850,713],"class_list":["post-253608","post","type-post","status-publish","format-standard","hentry","category-cronaca","tag-angelo-vaccarezza","tag-savona","tag-tecnocivis","post_cat_citta-savona"],"amp_validity":null,"amp_enabled":true,"_links":{"self":[{"href":"https:\/\/staging.ivg.it\/ediapi\/wp\/v2\/posts\/253608","targetHints":{"allow":["GET"]}}],"collection":[{"href":"https:\/\/staging.ivg.it\/ediapi\/wp\/v2\/posts"}],"about":[{"href":"https:\/\/staging.ivg.it\/ediapi\/wp\/v2\/types\/post"}],"author":[{"embeddable":true,"href":"https:\/\/staging.ivg.it\/ediapi\/wp\/v2\/users\/13744"}],"replies":[{"embeddable":true,"href":"https:\/\/staging.ivg.it\/ediapi\/wp\/v2\/comments?post=253608"}],"version-history":[{"count":0,"href":"https:\/\/staging.ivg.it\/ediapi\/wp\/v2\/posts\/253608\/revisions"}],"wp:attachment":[{"href":"https:\/\/staging.ivg.it\/ediapi\/wp\/v2\/media?parent=253608"}],"wp:term":[{"taxonomy":"category","embeddable":true,"href":"https:\/\/staging.ivg.it\/ediapi\/wp\/v2\/categories?post=253608"},{"taxonomy":"post_tag","embeddable":true,"href":"https:\/\/staging.ivg.it\/ediapi\/wp\/v2\/tags?post=253608"}],"curies":[{"name":"wp","href":"https:\/\/api.w.org\/{rel}","templated":true}]}}