{"id":253573,"date":"2013-11-21T17:01:23","date_gmt":"2013-11-21T16:01:23","guid":{"rendered":"http:\/\/www.ivg.it\/?p=253573"},"modified":"2013-11-22T10:30:38","modified_gmt":"2013-11-22T09:30:38","slug":"vacca-forza-italia","status":"publish","type":"post","link":"https:\/\/staging.ivg.it\/2013\/11\/vacca-forza-italia\/","title":{"rendered":"Santiago Vacca: &#8220;Sono sempre stato legato a Forza Italia, per me \u00e8 una scelta coerente e giusta&#8221;"},"content":{"rendered":"<p><strong>Borghetto S. Spirito.<\/strong> Presa di posizione netta per l&#8217;assessore provinciale ed ex sindaco di Borghetto, Santiago Vacca, di fronte alla scissione del Pdl e alle lacerazioni del partito tra falchi e colombe, con la creazione di Forza Italia da una parte e Nuovo Centrodestra dall&#8217;altra.<\/p>\n<p>&#8220;Sono sempre stato convinto che le battaglie si giocano internamente ai partiti, non certo andando fuori &#8211; osserva Vacca &#8211; Io sono rimasto con Forza Italia, alla quale sono legato fin dall\u2019inizio del mio percorso politico e amministrativo. Mi sento un moderato che guarda al polo di centrodestra come suo riferimento, anche se i concetti di destra e sinistra sono ormai superati&#8230;&#8221;.<\/p>\n<p>&#8220;La frattura all\u2019interno del Pdl non \u00e8 stata certo salutare per i moderati, anche se il dibattito \u00e8 pi\u00f9 ampio: per me \u00e8 una scelta coerente e giusta&#8221; aggiunge.<\/p>\n<p>&#8220;Lavorer\u00f2 sul territorio per un partito in grado di affrontare e saper risolvere questa pesante crisi che vive anche il Savonese&#8221; conclude Vacca.<\/p>\n","protected":false},"excerpt":{"rendered":"<p>Borghetto S. Spirito. Presa di posizione netta per l&#8217;assessore provinciale ed ex sindaco di Borghetto, Santiago Vacca, di fronte alla scissione del Pdl e alle lacerazioni del partito tra falchi e colombe, con la creazione di Forza Italia da una parte e Nuovo Centrodestra dall&#8217;altra. &#8220;Sono sempre stato convinto che le battaglie si giocano internamente [&hellip;]<\/p>\n","protected":false},"author":13744,"featured_media":0,"comment_status":"open","ping_status":"closed","sticky":false,"template":"","format":"standard","meta":{"footnotes":""},"categories":[31],"tags":[505,5763],"class_list":["post-253573","post","type-post","status-publish","format-standard","hentry","category-politica","tag-forza-italia","tag-santiago-vacca","post_cat_citta-borghetto-santo-spirito"],"amp_validity":null,"amp_enabled":true,"_links":{"self":[{"href":"https:\/\/staging.ivg.it\/ediapi\/wp\/v2\/posts\/253573","targetHints":{"allow":["GET"]}}],"collection":[{"href":"https:\/\/staging.ivg.it\/ediapi\/wp\/v2\/posts"}],"about":[{"href":"https:\/\/staging.ivg.it\/ediapi\/wp\/v2\/types\/post"}],"author":[{"embeddable":true,"href":"https:\/\/staging.ivg.it\/ediapi\/wp\/v2\/users\/13744"}],"replies":[{"embeddable":true,"href":"https:\/\/staging.ivg.it\/ediapi\/wp\/v2\/comments?post=253573"}],"version-history":[{"count":0,"href":"https:\/\/staging.ivg.it\/ediapi\/wp\/v2\/posts\/253573\/revisions"}],"wp:attachment":[{"href":"https:\/\/staging.ivg.it\/ediapi\/wp\/v2\/media?parent=253573"}],"wp:term":[{"taxonomy":"category","embeddable":true,"href":"https:\/\/staging.ivg.it\/ediapi\/wp\/v2\/categories?post=253573"},{"taxonomy":"post_tag","embeddable":true,"href":"https:\/\/staging.ivg.it\/ediapi\/wp\/v2\/tags?post=253573"}],"curies":[{"name":"wp","href":"https:\/\/api.w.org\/{rel}","templated":true}]}}