{"id":253556,"date":"2013-11-21T10:19:07","date_gmt":"2013-11-21T09:19:07","guid":{"rendered":"http:\/\/www.ivg.it\/?p=253556"},"modified":"2013-11-21T19:39:46","modified_gmt":"2013-11-21T18:39:46","slug":"orientagiovani-indirizzi-tecnici-lingua-inglese-le-carte-giuste-giocarsi-il-futuro","status":"publish","type":"post","link":"https:\/\/staging.ivg.it\/2013\/11\/orientagiovani-indirizzi-tecnici-lingua-inglese-le-carte-giuste-giocarsi-il-futuro\/","title":{"rendered":"&#8220;Orientagiovani&#8221;, indirizzi tecnici e lingua inglese: le carte giuste per &#8220;giocarsi&#8221; il futuro"},"content":{"rendered":"<p><strong>Savona.<\/strong> Circa 300 tra studenti e professori provenienti dalla quasi totalit\u00e0 degli istituti superiori del Savonese sono coinvolti nell\u2019evento locale della Giornata Nazionale Orientagiovani, dal titolo \u201cPensare in avanti per realizzare il proprio futuro \u2013 Scienza e tecnica, fattori concreti per la crescita\u201d organizzato dal Gruppo Giovani Imprenditori dell\u2019Unione Industriali di Savona presso la Fortezza del Priam\u00e0r di Savona.<\/p>\n<p>Un\u2019occasione per presentare ai giovani le professioni del futuro legate al settore tecnico-scientifico e una risposta concreta per reagire a quella sensazione di sfiducia diffusa che deriva oltrech\u00e9 dalla difficile congiuntura anche dal mancato incontro tra domanda e offerta di lavoro che caratterizza oggi il mercato del lavoro in Italia. Con questo format l\u2019Unione Industriali di Savona rinnova il proprio impegno per l\u2019orientamento scolastico, organizzando ogni anno la giornata dedicata all\u2019incontro tra imprenditori e studenti delle scuole superiori.<\/p>\n<p>L\u2019obiettivo \u00e8 ribadire il carattere operativo della scienza e della tecnica e rendere consapevoli i ragazzi dell\u2019importanza di queste materie, come chiave per accedere al mondo del lavoro. Le imprese del territorio, sempre alla ricerca di diplomati e laureati, diventano, per l\u2019occasione, alleate della scuola e attraverso il contatto diretto e la testimonianza dei manager, i ragazzi potranno scoprire le caratteristiche del tessuto produttivo locale o quali sono le professioni pi\u00f9 richieste dalla realt\u00e0 industriali pi\u00f9 importanti della provincia.<\/p>\n<p>&#8220;Siamo qui per parlare del futuro di questi ragazzi che hanno da fare scelte importanti &#8211; dice Mattia Noberasco, Presidente dei Giovani Imprenditori di Savona e Direttore Generale della Noberasco SpA, azienda che in questo periodo sta realizzando il suo nuovo stabilimento produttivo a Carcare &#8211; Sappiamo quale distanza ci sia oggi tra le esigenze delle imprese e le professionalit\u00e0 di questi ragazzi, per cui l&#8217;obiettivo di oggi \u00e8 spiegare quali siano le effettive esigenze delle aziende e avvicinarle al percorso formativo che faranno in futuro questi ragazzi&#8221;.<\/p>\n<p>&#8220;Come consiglio direi loro di dare importanza allo studio della lingua inglese, troppo spesso trascurato, e di fare esperienze all&#8217;estero per imparare a comprendere la lingua &#8211; dice Noberasco &#8211; L&#8217;universit\u00e0 non \u00e8 un passo obbligatorio per avere un lavoro: noi, ad esempio, abbiamo bisogno di diplomati tecnici. L&#8217; universit\u00e0 \u00e8 importante per\u00f2 deve essere finalizzata a un obiettivo occupazionale, senza perdersi in facolt\u00e0 che generano disoccupati&#8221;.<\/p>\n<p>&#8220;Credo che i giovani debbano credere che noi crediamo in loro, quindi iniziative come questa devono servire a rafforzare questo concetto &#8211; commenta l&#8217;assessore provinciale Santiago Vacca &#8211; Viaggiando molto, ho visto che i giovani fuori dall&#8217;Italia sentono molto di pi\u00f9 un senso di responsabilit\u00e0 che li porta a cercare una strada per il futuro. Ora il nostro mestiere \u00e8 quello di guida, sia come genitori sia come amministratori locali&#8221;.<\/p>\n","protected":false},"excerpt":{"rendered":"<p>Savona. Circa 300 tra studenti e professori provenienti dalla quasi totalit\u00e0 degli istituti superiori del Savonese sono coinvolti nell\u2019evento locale della Giornata Nazionale Orientagiovani, dal titolo \u201cPensare in avanti per realizzare il proprio futuro \u2013 Scienza e tecnica, fattori concreti per la crescita\u201d organizzato dal Gruppo Giovani Imprenditori dell\u2019Unione Industriali di Savona presso la Fortezza [&hellip;]<\/p>\n","protected":false},"author":13744,"featured_media":0,"comment_status":"open","ping_status":"closed","sticky":false,"template":"","format":"standard","meta":{"footnotes":""},"categories":[56],"tags":[509,47727,9271,5763,85850],"class_list":["post-253556","post","type-post","status-publish","format-standard","hentry","category-altre","tag-lavoro","tag-mattia-noberasco","tag-orientagiovani","tag-santiago-vacca","tag-savona","post_cat_citta-savona"],"amp_validity":null,"amp_enabled":true,"_links":{"self":[{"href":"https:\/\/staging.ivg.it\/ediapi\/wp\/v2\/posts\/253556","targetHints":{"allow":["GET"]}}],"collection":[{"href":"https:\/\/staging.ivg.it\/ediapi\/wp\/v2\/posts"}],"about":[{"href":"https:\/\/staging.ivg.it\/ediapi\/wp\/v2\/types\/post"}],"author":[{"embeddable":true,"href":"https:\/\/staging.ivg.it\/ediapi\/wp\/v2\/users\/13744"}],"replies":[{"embeddable":true,"href":"https:\/\/staging.ivg.it\/ediapi\/wp\/v2\/comments?post=253556"}],"version-history":[{"count":0,"href":"https:\/\/staging.ivg.it\/ediapi\/wp\/v2\/posts\/253556\/revisions"}],"wp:attachment":[{"href":"https:\/\/staging.ivg.it\/ediapi\/wp\/v2\/media?parent=253556"}],"wp:term":[{"taxonomy":"category","embeddable":true,"href":"https:\/\/staging.ivg.it\/ediapi\/wp\/v2\/categories?post=253556"},{"taxonomy":"post_tag","embeddable":true,"href":"https:\/\/staging.ivg.it\/ediapi\/wp\/v2\/tags?post=253556"}],"curies":[{"name":"wp","href":"https:\/\/api.w.org\/{rel}","templated":true}]}}