{"id":253551,"date":"2013-11-21T09:51:12","date_gmt":"2013-11-21T08:51:12","guid":{"rendered":"http:\/\/www.ivg.it\/?p=253551"},"modified":"2013-11-21T15:37:12","modified_gmt":"2013-11-21T14:37:12","slug":"tecnocivis-la-rabbia-dei-lavoratori-la-provincia-ci-lascia-mutande-stato-agitazione","status":"publish","type":"post","link":"https:\/\/staging.ivg.it\/2013\/11\/tecnocivis-la-rabbia-dei-lavoratori-la-provincia-ci-lascia-mutande-stato-agitazione\/","title":{"rendered":"Tecnocivis, la rabbia dei lavoratori: &#8220;La Provincia ci lascia in mutande&#8221;, stato di agitazione"},"content":{"rendered":"<p><strong>Provincia.<\/strong> Un incontro urgente con il presidente della Provincia e con gli assessori competenti Silvano Montaldo, Roberto Schneck e Santiago Vacca. E\u2019 la richiesta formulata dalla Rsu di Tecnocivis, la societ\u00e0 partecipata di Palazzo Nervi che svolge i servizi di verifica sugli impianti termici, manutenzione sugli edifici pubblici dell\u2019ente provinciale e su istituti scolastici di II\u00b0 grado.<\/p>\n<p>I lavoratori sul piede di guerra: \u201cSul bilancio previsionale dell\u2019ente per il 2014 non \u00e8 stata stanziata ad oggi alcuna somma per far fronte ai servizi di Tecnocivis\u201d afferma l\u2019Rsu.<\/p>\n<p>\u201cPi\u00f9 volte e in tempi non recenti abbiamo chiesto come Rsu, in rappresentanza dei dipendenti della societ\u00e0 Tecnocivis, di incontrare l\u2019amministrazione  provinciale ma non abbiamo mai avuto riscontro. Ricordiamo che i contratti di servizio tra la societ\u00e0 e la Provincia sono in scadenza a dicembre 2013 e gennaio 2014, pertanto dopo tale data non esister\u00e0 pi\u00f9 alcun titolo di affidamento e le attivit\u00e0 di Tecnocivis verranno sospese\u201d.<\/p>\n<p>\u201cCome comprender\u00e0 non sar\u00e0 pi\u00f9 possibile fornire i servizi sia ai cittadini che agli istituti scolastici. Chiediamo quindi un riscontro a questa nostra reiterata richiesta di incontro chiarificatore, comunicando che i dipendenti di Tecnocivis  proclameranno uno stato di agitazione a partire dal 25 novembre per cui non si potr\u00e0 garantire la piena esecuzione dei servizi svolti fino ad oggi\u201d conclude l\u2019Rsu sindacale.<\/p>\n","protected":false},"excerpt":{"rendered":"<p>Provincia. Un incontro urgente con il presidente della Provincia e con gli assessori competenti Silvano Montaldo, Roberto Schneck e Santiago Vacca. E\u2019 la richiesta formulata dalla Rsu di Tecnocivis, la societ\u00e0 partecipata di Palazzo Nervi che svolge i servizi di verifica sugli impianti termici, manutenzione sugli edifici pubblici dell\u2019ente provinciale e su istituti scolastici di [&hellip;]<\/p>\n","protected":false},"author":4,"featured_media":0,"comment_status":"open","ping_status":"closed","sticky":false,"template":"","format":"standard","meta":{"footnotes":""},"categories":[35],"tags":[375,5836,85850,15297,713],"class_list":["post-253551","post","type-post","status-publish","format-standard","hentry","category-economia","tag-provincia","tag-rsu","tag-savona","tag-stato-di-agitazione","tag-tecnocivis","post_cat_citta-andora","post_cat_citta-savona"],"amp_validity":null,"amp_enabled":true,"_links":{"self":[{"href":"https:\/\/staging.ivg.it\/ediapi\/wp\/v2\/posts\/253551","targetHints":{"allow":["GET"]}}],"collection":[{"href":"https:\/\/staging.ivg.it\/ediapi\/wp\/v2\/posts"}],"about":[{"href":"https:\/\/staging.ivg.it\/ediapi\/wp\/v2\/types\/post"}],"author":[{"embeddable":true,"href":"https:\/\/staging.ivg.it\/ediapi\/wp\/v2\/users\/4"}],"replies":[{"embeddable":true,"href":"https:\/\/staging.ivg.it\/ediapi\/wp\/v2\/comments?post=253551"}],"version-history":[{"count":0,"href":"https:\/\/staging.ivg.it\/ediapi\/wp\/v2\/posts\/253551\/revisions"}],"wp:attachment":[{"href":"https:\/\/staging.ivg.it\/ediapi\/wp\/v2\/media?parent=253551"}],"wp:term":[{"taxonomy":"category","embeddable":true,"href":"https:\/\/staging.ivg.it\/ediapi\/wp\/v2\/categories?post=253551"},{"taxonomy":"post_tag","embeddable":true,"href":"https:\/\/staging.ivg.it\/ediapi\/wp\/v2\/tags?post=253551"}],"curies":[{"name":"wp","href":"https:\/\/api.w.org\/{rel}","templated":true}]}}