{"id":253261,"date":"2013-11-16T08:02:01","date_gmt":"2013-11-16T07:02:01","guid":{"rendered":"http:\/\/www.ivg.it\/?p=253261"},"modified":"2013-11-16T16:43:18","modified_gmt":"2013-11-16T15:43:18","slug":"via-libera-al-recupero-del-borgo-antico-balestrino-ismarro-premiato-il-impegno-opera-che-portera-anche-lavoro","status":"publish","type":"post","link":"https:\/\/staging.ivg.it\/2013\/11\/via-libera-al-recupero-del-borgo-antico-balestrino-ismarro-premiato-il-impegno-opera-che-portera-anche-lavoro\/","title":{"rendered":"Via libera al recupero del borgo antico di Balestrino, Ismarro: &#8220;Premiato il nostro impegno, opera che porter\u00e0 anche lavoro&#8221;"},"content":{"rendered":"<p><strong>Balestrino<\/strong>. &#8220;Finalmente, dopo due anni dall&#8217;insediamento della mia amministrazione, il lavoro da me svolto in concerto con i tecnici della regione Liguria ha permesso di appianare tutte le divergenze e le difficolt\u00e0 di un progetto cos\u00ec importante che da anni non trovava soluzioni&#8221;. Sono queste le prime parole del sindaco Gabriella Ismarro dopo la notizia dell&#8217;approvazione da parte della Giunta regionale di un piano di recupero per il borgo antico di Balestrino.<\/p>\n<p>&#8220;Il Borgo di Balestrino potr\u00e0 finalmente rinascere, con tutti i vantaggi connessi ad un&#8217;opera di cos\u00ec grandi dimensioni. In particolare penso, in questo periodo di crisi, alle moltissime possibilit\u00e0 di lavoro che si apriranno per l&#8217;esecuzione anche delle fasi primarie di edificazione. Sono entusiasta per l&#8217;approvazione regionale che conferma che la mia Amministrazione e la mia maggioranza sta lavorando in modo serio e concreto&#8221; prosegue Ismarro.<\/p>\n<p>&#8220;Colgo l&#8217;occasione di complimentarmi per la grande professionalit\u00e0 dei tecnici della regione Liguria e di tutti gli altri enti che sono stati interessati al progetto e di ringraziare il Presidente e la giunta Regionale per questa attesa approvazione&#8221; conclude il sindaco di Balestrino.<\/p>\n<p>Il piano di recupero prevede il mantenimento delle volumetrie degli edifici esistenti e l\u2019utilizzo di tecniche e materiali idonei per portare a compimento il restauro del paese. La Regione Liguria nel 1999 aveva stanziato 500.000 euro dei fondi per l\u2019edilizia sovvenzionata a favore di Balestrino, per opere di messa in sicurezza e attivit\u00e0 di indagine geotecnica. \u201cUna parte di queste risorse residue \u2013 ha spiegato ieri l&#8217;assessore regionale Cascino \u2013 potranno servire anche a dare il via alle opere di urbanizzazione e di realizzazione delle utenze al servizio del paese che verranno realizzate dal Comune\u201d.<\/p>\n<p>Si calcola che gli abitanti che si potranno insediare nel paese ammontano a circa 700 per un volume residenziale di 55.703 metri cubi, il 50% dei quali da ricostruire completamente, mentre il 21% solo parzialmente. All\u2019interno del borgo saranno previste anche attivit\u00e0 commerciali e turistiche diffuse e una centrale a biomasse per erogare i consumi necessari agli abitanti.<\/p>\n<p>L\u2019operazione varr\u00e0 a regime 55 milioni di euro, di cui 7 milioni provenienti dagli enti pubblici e altri da fondi privati. Prender\u00e0 il via con la realizzazione delle utenze ad opera del Comune di Balestrino che avr\u00e0 24 mesi di tempi per poter creare una societ\u00e0 mista pubblico-privata o vagliare eventualmente altre ipotesi.<\/p>\n","protected":false},"excerpt":{"rendered":"<p>Balestrino. &#8220;Finalmente, dopo due anni dall&#8217;insediamento della mia amministrazione, il lavoro da me svolto in concerto con i tecnici della regione Liguria ha permesso di appianare tutte le divergenze e le difficolt\u00e0 di un progetto cos\u00ec importante che da anni non trovava soluzioni&#8221;. Sono queste le prime parole del sindaco Gabriella Ismarro dopo la notizia [&hellip;]<\/p>\n","protected":false},"author":13744,"featured_media":0,"comment_status":"open","ping_status":"closed","sticky":false,"template":"","format":"standard","meta":{"footnotes":""},"categories":[31],"tags":[85875,295],"class_list":["post-253261","post","type-post","status-publish","format-standard","hentry","category-politica","tag-balestrino","tag-regione","post_cat_citta-balestrino"],"amp_validity":null,"amp_enabled":true,"_links":{"self":[{"href":"https:\/\/staging.ivg.it\/ediapi\/wp\/v2\/posts\/253261","targetHints":{"allow":["GET"]}}],"collection":[{"href":"https:\/\/staging.ivg.it\/ediapi\/wp\/v2\/posts"}],"about":[{"href":"https:\/\/staging.ivg.it\/ediapi\/wp\/v2\/types\/post"}],"author":[{"embeddable":true,"href":"https:\/\/staging.ivg.it\/ediapi\/wp\/v2\/users\/13744"}],"replies":[{"embeddable":true,"href":"https:\/\/staging.ivg.it\/ediapi\/wp\/v2\/comments?post=253261"}],"version-history":[{"count":0,"href":"https:\/\/staging.ivg.it\/ediapi\/wp\/v2\/posts\/253261\/revisions"}],"wp:attachment":[{"href":"https:\/\/staging.ivg.it\/ediapi\/wp\/v2\/media?parent=253261"}],"wp:term":[{"taxonomy":"category","embeddable":true,"href":"https:\/\/staging.ivg.it\/ediapi\/wp\/v2\/categories?post=253261"},{"taxonomy":"post_tag","embeddable":true,"href":"https:\/\/staging.ivg.it\/ediapi\/wp\/v2\/tags?post=253261"}],"curies":[{"name":"wp","href":"https:\/\/api.w.org\/{rel}","templated":true}]}}