{"id":253216,"date":"2013-11-15T12:49:45","date_gmt":"2013-11-15T11:49:45","guid":{"rendered":"http:\/\/www.ivg.it\/?p=253216"},"modified":"2013-11-15T15:26:20","modified_gmt":"2013-11-15T14:26:20","slug":"bombardier-commessa-trenitalia-ufficializzata-vesco-segnale-forte-anche-se-sufficiente","status":"publish","type":"post","link":"https:\/\/staging.ivg.it\/2013\/11\/bombardier-commessa-trenitalia-ufficializzata-vesco-segnale-forte-anche-se-sufficiente\/","title":{"rendered":"Bombardier, commessa Trenitalia ufficializzata. Vesco: &#8220;Un segnale forte, ora l&#8217;azienda faccia investimenti&#8221;"},"content":{"rendered":"<p><strong>Vado Ligure<\/strong>. Boccata sicura d&#8217;ossigeno per il sito produttivo Bombardier Transportation a Vado Ligure: da Trenitalia \u00e8 arrivato il via libera ufficiale per le nuove 29 locomotive E464, che andranno, insieme a 150 carrozze, sulle rotaie delle regioni Liguria, Lazio e Veneto. <\/p>\n<p>Spiega l&#8217;assessore regionale Enrico Vesco: &#8220;C&#8217;\u00e8 stata una prolungata attesa e apprensione, ma \u00e8 stato alla fine raggiunto questo traguardo importante. Trenitalia ha ufficializzato all&#8217;interno del consiglio di amministrazione: questi 29 locomotori rappresentano un&#8217;opportunit\u00e0 per la Bombardier cui viene riconosciuta, per l&#8217;ennesima volta, competenza e professionalit\u00e0&#8221;. <\/p>\n<p>&#8220;Oltre alla Liguria, che ha scelto di puntare sul Vivalto trainato dalla 464, \u00e8 l&#8217;analoga scelta della Regione Lazio e la Regione Veneto a fronte del fatto di non poter pi\u00f9 avere l&#8217;elettrotreno a doppio piano&#8221; aggiunge. <\/p>\n<p>L\u2019acquisto di nuove locomotive e carrozze \u00e8 parte dei Contratti di Servizio stipulati da Trenitalia con queste tre Regioni, per un investimento di circa 300 milioni di euro.<\/p>\n<p>&#8220;Si tratta di un passaggio significativo. Non risolve i problemi della fabbrica, ma ne attenua il disagio: consentir\u00e0 ad una parte di lavoratori di rientrare al lavoro dalla cassa nel 2014 quando prender\u00e0 avvio la produzione. Per\u00f2 non \u00e8 sufficiente&#8221; osserva Vesco. <\/p>\n<p>&#8220;Sindacati, lavoratori e Regione si sono attivati perch\u00e9 questa commessa arrivasse, dando un segnale forte ad azienda e territorio. Adesso \u00e8 arrivato il momento di avere risposte forti dall&#8217;azienda, che deve garantire investimenti nel sito di Vado. Sono certo che in futuro il trasporto ferroviario si muover\u00e0 su nuovi prodotti. Gli elettrotreni a doppio piano sono i pi\u00f9 ambiti. Quindi \u00e8 importante che la Bombardier faccia questa produzione secondo gli investimenti che da pi\u00f9 parte vengono richiesti&#8221; conclude l&#8217;assessore regionale. <\/p>\n","protected":false},"excerpt":{"rendered":"<p>Vado Ligure. Boccata sicura d&#8217;ossigeno per il sito produttivo Bombardier Transportation a Vado Ligure: da Trenitalia \u00e8 arrivato il via libera ufficiale per le nuove 29 locomotive E464, che andranno, insieme a 150 carrozze, sulle rotaie delle regioni Liguria, Lazio e Veneto. Spiega l&#8217;assessore regionale Enrico Vesco: &#8220;C&#8217;\u00e8 stata una prolungata attesa e apprensione, ma [&hellip;]<\/p>\n","protected":false},"author":13744,"featured_media":0,"comment_status":"open","ping_status":"closed","sticky":false,"template":"","format":"standard","meta":{"footnotes":""},"categories":[35],"tags":[4078,907,497,261],"class_list":["post-253216","post","type-post","status-publish","format-standard","hentry","category-economia","tag-bombardier","tag-enrico-vesco","tag-treni","tag-vado","post_cat_citta-vado-ligure"],"amp_validity":null,"amp_enabled":true,"_links":{"self":[{"href":"https:\/\/staging.ivg.it\/ediapi\/wp\/v2\/posts\/253216","targetHints":{"allow":["GET"]}}],"collection":[{"href":"https:\/\/staging.ivg.it\/ediapi\/wp\/v2\/posts"}],"about":[{"href":"https:\/\/staging.ivg.it\/ediapi\/wp\/v2\/types\/post"}],"author":[{"embeddable":true,"href":"https:\/\/staging.ivg.it\/ediapi\/wp\/v2\/users\/13744"}],"replies":[{"embeddable":true,"href":"https:\/\/staging.ivg.it\/ediapi\/wp\/v2\/comments?post=253216"}],"version-history":[{"count":0,"href":"https:\/\/staging.ivg.it\/ediapi\/wp\/v2\/posts\/253216\/revisions"}],"wp:attachment":[{"href":"https:\/\/staging.ivg.it\/ediapi\/wp\/v2\/media?parent=253216"}],"wp:term":[{"taxonomy":"category","embeddable":true,"href":"https:\/\/staging.ivg.it\/ediapi\/wp\/v2\/categories?post=253216"},{"taxonomy":"post_tag","embeddable":true,"href":"https:\/\/staging.ivg.it\/ediapi\/wp\/v2\/tags?post=253216"}],"curies":[{"name":"wp","href":"https:\/\/api.w.org\/{rel}","templated":true}]}}