{"id":253036,"date":"2013-11-12T16:44:55","date_gmt":"2013-11-12T15:44:55","guid":{"rendered":"http:\/\/www.ivg.it\/?p=253036"},"modified":"2013-11-12T19:29:45","modified_gmt":"2013-11-12T18:29:45","slug":"cabur-altare-lassessore-vesco-possiamo-arrivare-due-anni-cassa-incomprensibile-la-rigidita-dellazienda","status":"publish","type":"post","link":"https:\/\/staging.ivg.it\/2013\/11\/cabur-altare-lassessore-vesco-possiamo-arrivare-due-anni-cassa-incomprensibile-la-rigidita-dellazienda\/","title":{"rendered":"Cabur di Altare, l&#8217;assessore Vesco: &#8220;Possiamo arrivare a due anni di cassa, incomprensibile la rigidit\u00e0 dell&#8217;azienda&#8221;"},"content":{"rendered":"<p><strong>Altare<\/strong>. Appuntamento importante domani all&#8217;Unione Industriali di Savona sul caso Cabur, l&#8217;azienda specializzata in morsetteria elettrica di Altare che ha posto la questione di 33 licenziamenti. Si dovr\u00e0 trovare la quadra tra l&#8217;azienda, che non vuole demandare il discorso sugli esuberi, e i sindcati, che prima vogliono affrontare il tema della cassa integrazione e degli investimenti. I lavoratori nell&#8217;occasione svolgeranno un presidio. <\/p>\n<p>Cos\u00ec l&#8217;assessore regionale Enrico Vesco: &#8220;Le posizioni sembrano ancora molto distanti. Ma \u00e8 necessario trovare un accordo. Io faccio un appello al senso di responsabilit\u00e0 delle parti, soprattutto all&#8217;azienda che ha condiviso con noi la proposta della cassa integrazione straordinaria, che potrebbe essere per il primo anno per crisi. Se l&#8217;impegno per l&#8217;investimento per il 2014 venisse mantenuto, si potrebbe avere anche un secondo anno per ristrutturazione. Potremmo riuscire a mettere assieme due anni di cassa: un risultato importante&#8221;. <\/p>\n<p>&#8220;La rigidit\u00e0 con cui l&#8217;azienda intende subordinare l&#8217;accordo di cassa alla sottoscrizione, oggi, della mobilit\u00e0 al termine del periodo di cassa \u00e8 incomprensibile &#8211; afferma l&#8217;assessore Vesco &#8211; L&#8217;azienda si deve impegnare per recuperare commesse, rilanciare la produzione e magari brevettare prodotti nuovi, arrivando al termine della cassa avendo ancora bisogno dei lavoratori e delle loro competenze&#8221;. <\/p>\n<p>&#8220;La convergenza potrebbe esserci solo se l&#8217;azienda sottoscrive soltanto la richiesta di cassa straordinaria; poi bisogna darsi appuntamenti nel corso dell&#8217;anno per verificare l&#8217;andamento. Solo al termine della cassa si pu\u00f2 valutare, se tutto \u00e8 stato vano, la sottoscrizione della mobilit\u00e0&#8221; conclude Vesco. <\/p>\n","protected":false},"excerpt":{"rendered":"<p>Altare. Appuntamento importante domani all&#8217;Unione Industriali di Savona sul caso Cabur, l&#8217;azienda specializzata in morsetteria elettrica di Altare che ha posto la questione di 33 licenziamenti. Si dovr\u00e0 trovare la quadra tra l&#8217;azienda, che non vuole demandare il discorso sugli esuberi, e i sindcati, che prima vogliono affrontare il tema della cassa integrazione e degli [&hellip;]<\/p>\n","protected":false},"author":13744,"featured_media":0,"comment_status":"open","ping_status":"closed","sticky":false,"template":"","format":"standard","meta":{"footnotes":""},"categories":[35,31],"tags":[85871,13324,907,295],"class_list":["post-253036","post","type-post","status-publish","format-standard","hentry","category-economia","category-politica","tag-altare","tag-cabur","tag-enrico-vesco","tag-regione","post_cat_citta-altare"],"amp_validity":null,"amp_enabled":true,"_links":{"self":[{"href":"https:\/\/staging.ivg.it\/ediapi\/wp\/v2\/posts\/253036","targetHints":{"allow":["GET"]}}],"collection":[{"href":"https:\/\/staging.ivg.it\/ediapi\/wp\/v2\/posts"}],"about":[{"href":"https:\/\/staging.ivg.it\/ediapi\/wp\/v2\/types\/post"}],"author":[{"embeddable":true,"href":"https:\/\/staging.ivg.it\/ediapi\/wp\/v2\/users\/13744"}],"replies":[{"embeddable":true,"href":"https:\/\/staging.ivg.it\/ediapi\/wp\/v2\/comments?post=253036"}],"version-history":[{"count":0,"href":"https:\/\/staging.ivg.it\/ediapi\/wp\/v2\/posts\/253036\/revisions"}],"wp:attachment":[{"href":"https:\/\/staging.ivg.it\/ediapi\/wp\/v2\/media?parent=253036"}],"wp:term":[{"taxonomy":"category","embeddable":true,"href":"https:\/\/staging.ivg.it\/ediapi\/wp\/v2\/categories?post=253036"},{"taxonomy":"post_tag","embeddable":true,"href":"https:\/\/staging.ivg.it\/ediapi\/wp\/v2\/tags?post=253036"}],"curies":[{"name":"wp","href":"https:\/\/api.w.org\/{rel}","templated":true}]}}