{"id":252959,"date":"2013-11-11T15:43:18","date_gmt":"2013-11-11T14:43:18","guid":{"rendered":"http:\/\/www.ivg.it\/?p=252959"},"modified":"2013-11-11T19:29:31","modified_gmt":"2013-11-11T18:29:31","slug":"giovedi-lo-sciopero-4-ore-del-trasporto-pubblico-disagi-vista","status":"publish","type":"post","link":"https:\/\/staging.ivg.it\/2013\/11\/giovedi-lo-sciopero-4-ore-del-trasporto-pubblico-disagi-vista\/","title":{"rendered":"Gioved\u00ec lo sciopero di 4 ore del trasporto pubblico: disagi in vista"},"content":{"rendered":"<p><strong>Savona.<\/strong> Sciopero del trasporto pubblico locale nel savonese per la giornata di gioved\u00ec 14 novembre. Lo sciopero generale, indetto dalle Segreterie Territoriali di Filt \u2013 Cgil, Fit \u2013 Cisl e Uiltrasporti, verr\u00e0 attuato con le seguenti modalit\u00e0: dalle ore 10.15 alle ore 14.15. In tali fasce orarie Tpl Linea non potr\u00e0 garantire l&#8217;esecuzione del servizio di trasporto pubblico.<\/p>\n<p>\u201cNon si escludono, inoltre, lievi disagi immediatamente prima e dopo le ore di sciopero programmato.  L&#8217;azienda si scusa con gli utenti per i possibili disservizi causati. Per ulteriori informazioni sui servizi TPL \u00e8 possibile contattare il numero 800 012727 (attivo nei giorni feriali dal luned\u00ec al venerd\u00ec dalle ore 7.30 alle ore 17.30) e il sito internet all\u2019indirizzo www.tpllinea.it\u201d si legge in una nota di Tpl Linea.<\/p>\n","protected":false},"excerpt":{"rendered":"<p>Savona. Sciopero del trasporto pubblico locale nel savonese per la giornata di gioved\u00ec 14 novembre. Lo sciopero generale, indetto dalle Segreterie Territoriali di Filt \u2013 Cgil, Fit \u2013 Cisl e Uiltrasporti, verr\u00e0 attuato con le seguenti modalit\u00e0: dalle ore 10.15 alle ore 14.15. In tali fasce orarie Tpl Linea non potr\u00e0 garantire l&#8217;esecuzione del servizio [&hellip;]<\/p>\n","protected":false},"author":13744,"featured_media":0,"comment_status":"open","ping_status":"closed","sticky":false,"template":"","format":"standard","meta":{"footnotes":""},"categories":[35],"tags":[85850,2152,6164,2379],"class_list":["post-252959","post","type-post","status-publish","format-standard","hentry","category-economia","tag-savona","tag-sciopero","tag-tpl","tag-trasporto","post_cat_citta-andora","post_cat_citta-savona"],"amp_validity":null,"amp_enabled":true,"_links":{"self":[{"href":"https:\/\/staging.ivg.it\/ediapi\/wp\/v2\/posts\/252959","targetHints":{"allow":["GET"]}}],"collection":[{"href":"https:\/\/staging.ivg.it\/ediapi\/wp\/v2\/posts"}],"about":[{"href":"https:\/\/staging.ivg.it\/ediapi\/wp\/v2\/types\/post"}],"author":[{"embeddable":true,"href":"https:\/\/staging.ivg.it\/ediapi\/wp\/v2\/users\/13744"}],"replies":[{"embeddable":true,"href":"https:\/\/staging.ivg.it\/ediapi\/wp\/v2\/comments?post=252959"}],"version-history":[{"count":0,"href":"https:\/\/staging.ivg.it\/ediapi\/wp\/v2\/posts\/252959\/revisions"}],"wp:attachment":[{"href":"https:\/\/staging.ivg.it\/ediapi\/wp\/v2\/media?parent=252959"}],"wp:term":[{"taxonomy":"category","embeddable":true,"href":"https:\/\/staging.ivg.it\/ediapi\/wp\/v2\/categories?post=252959"},{"taxonomy":"post_tag","embeddable":true,"href":"https:\/\/staging.ivg.it\/ediapi\/wp\/v2\/tags?post=252959"}],"curies":[{"name":"wp","href":"https:\/\/api.w.org\/{rel}","templated":true}]}}