{"id":252635,"date":"2013-11-06T13:37:46","date_gmt":"2013-11-06T12:37:46","guid":{"rendered":"http:\/\/www.ivg.it\/?p=252635"},"modified":"2020-05-07T18:32:23","modified_gmt":"2020-05-07T16:32:23","slug":"calcio-balilla-la-squadra-albenga-conquista-la-promozione-serie-b","status":"publish","type":"post","link":"https:\/\/staging.ivg.it\/2013\/11\/calcio-balilla-la-squadra-albenga-conquista-la-promozione-serie-b\/","title":{"rendered":"Calcio balilla: la squadra di Albenga conquista la promozione in Serie B"},"content":{"rendered":"<p><strong>Albenga<\/strong>. Dal lungomare di Albenga al campionato di Serie B. Non si ferma la striscia di successi della squadra albenganese di calcio balilla, un vero e proprio \u201call star team\u201d formatosi in occasione del primo trofeo cittadino, denominato \u201cTre Torri\u201d, organizzato dall&#8217;assessorato allo Sport con il supporto di LigurGiochi e svoltosi a met\u00e0 settembre sul lungomare Andrea Doria.<\/p>\n<p>I vincitori del trofeo ingauno hanno partecipato nei giorni scorsi, indossando i colori della citt\u00e0 di Albenga, ai campionati nazionali FICB di Serie C di Saint Vincent. In Val d\u2019Aosta gli albenganesi si sono classificati tra le prime sei squadre in Italia, conseguendo cos\u00ec la promozione in Serie B di calcio balilla.<\/p>\n<p>A comporre la squadra vincente, capitanata da Giuseppe Cammisa, sono Alberto Rogano, Christian Petrone, Angelo Ciappellano, Riccardo Ghisano, Francesco Mattiucci.<\/p>\n<p>\u201cAlbenga eccelle anche nel calcio balilla &#8211; commenta Guido Lugani, assessore allo Sport -. Un evento nato quasi per gioco, per mettersi alla prova con il calcio balilla che tutti amano, ha portato i colori di Albenga a livello nazionale. Non solo: al di l\u00e0 di ogni pronostico, la citt\u00e0 \u00e8 riuscita ad ottenere, alla sua prima partecipazione, la promozione in Serie B. Congratulazioni alla squadra ingauna per il risultato ottenuto: questo importante traguardo ci invoglia a organizzare nuovamente eventi di questo tipo\u201d.<\/p>\n","protected":false},"excerpt":{"rendered":"<p>Albenga. Dal lungomare di Albenga al campionato di Serie B. Non si ferma la striscia di successi della squadra albenganese di calcio balilla, un vero e proprio \u201call star team\u201d formatosi in occasione del primo trofeo cittadino, denominato \u201cTre Torri\u201d, organizzato dall&#8217;assessorato allo Sport con il supporto di LigurGiochi e svoltosi a met\u00e0 settembre sul [&hellip;]<\/p>\n","protected":false},"author":18,"featured_media":0,"comment_status":"open","ping_status":"closed","sticky":false,"template":"","format":"standard","meta":{"footnotes":""},"categories":[42377,32],"tags":[85841,26853,2066],"class_list":["post-252635","post","type-post","status-publish","format-standard","hentry","category-altri-sport","category-sport","tag-albenga","tag-calcio-balilla","tag-serie-c","post_cat_citta-albenga"],"amp_validity":null,"amp_enabled":true,"_links":{"self":[{"href":"https:\/\/staging.ivg.it\/ediapi\/wp\/v2\/posts\/252635","targetHints":{"allow":["GET"]}}],"collection":[{"href":"https:\/\/staging.ivg.it\/ediapi\/wp\/v2\/posts"}],"about":[{"href":"https:\/\/staging.ivg.it\/ediapi\/wp\/v2\/types\/post"}],"author":[{"embeddable":true,"href":"https:\/\/staging.ivg.it\/ediapi\/wp\/v2\/users\/18"}],"replies":[{"embeddable":true,"href":"https:\/\/staging.ivg.it\/ediapi\/wp\/v2\/comments?post=252635"}],"version-history":[{"count":0,"href":"https:\/\/staging.ivg.it\/ediapi\/wp\/v2\/posts\/252635\/revisions"}],"wp:attachment":[{"href":"https:\/\/staging.ivg.it\/ediapi\/wp\/v2\/media?parent=252635"}],"wp:term":[{"taxonomy":"category","embeddable":true,"href":"https:\/\/staging.ivg.it\/ediapi\/wp\/v2\/categories?post=252635"},{"taxonomy":"post_tag","embeddable":true,"href":"https:\/\/staging.ivg.it\/ediapi\/wp\/v2\/tags?post=252635"}],"curies":[{"name":"wp","href":"https:\/\/api.w.org\/{rel}","templated":true}]}}