{"id":252475,"date":"2013-11-04T14:39:19","date_gmt":"2013-11-04T13:39:19","guid":{"rendered":"http:\/\/www.ivg.it\/?p=252475"},"modified":"2013-11-04T14:39:57","modified_gmt":"2013-11-04T13:39:57","slug":"savona-al-priamar-convegno-sullemergenza-abitativa","status":"publish","type":"post","link":"https:\/\/staging.ivg.it\/2013\/11\/savona-al-priamar-convegno-sullemergenza-abitativa\/","title":{"rendered":"Savona, al Priamar un convegno sull\u2019emergenza abitativa"},"content":{"rendered":"<p><strong>Savona<\/strong>. Sabato 16 novembre, dalle ore 9,30 alle 17, la Caritas diocesana, la Fondazione Comunit\u00e0Servizi onlus e il Comune di Savona, attraverso l\u2019assessorato a servizi sociali e politiche abitative, organizzano un convegno dal titolo \u201cFunambole in equilibrio precario. Famiglie e problematica abitativa\u201d presso la sala della Sibilla al Priam\u00e0r. Moderatore della giornata, l\u2019architetto Gabriele Rabaiotti.<\/p>\n<p>Ad un anno e mezzo dalla firma del \u201cPatto per la Casa\u201d i principali attori del sistema locale (sindacati degli inquilini, associazioni della propriet\u00e0, sigle di rappresentanza delle agenzie immobiliari, rappresentanze delle cooperative di abitanti, Arte, Opere sociali e diocesi), saranno invitati nella mattinata del convegno a confrontarsi e a fare il punto sulle problematiche abitative della citt\u00e0.<\/p>\n<p>Le famiglie a reddito medio basso, schiacciate dal peso della crisi economica, faticano sempre di pi\u00f9 a fronteggiare le spese per il mantenimento della propria casa. In questi ultimi anni il numero degli sfratti per morosit\u00e0 \u00e8 cresciuto in modo costante e le sempre pi\u00f9 frequenti esecuzioni forzate rappresentano il momento in cui diverse famiglie perdono il loro equilibrio precario scivolando cos\u00ec dalla normalit\u00e0 alla povert\u00e0.<\/p>\n<p>L\u2019intento non sar\u00e0 solo quello di offrire alla cittadinanza un\u2019analisi della situazione di disagio ma, a partire da questa, rilanciare possibili strategie per affrontarla concretamente.<\/p>\n<p>Lo scopo del dibattito sar\u00e0 trovare un accordo largo sul tema della casa intesa come servizio, come dotazione di utilit\u00e0 sociale, come infrastruttura territoriale: si ragioner\u00e0 sull\u2019offerta degli alloggi, ma soprattutto di servizi, azioni e strumenti rivolti a coloro che non riescono a soddisfare sul mercato il proprio bisogno abitativo, per ragioni economiche o per l\u2019assenza di un\u2019offerta adeguata.<\/p>\n","protected":false},"excerpt":{"rendered":"<p>Savona. Sabato 16 novembre, dalle ore 9,30 alle 17, la Caritas diocesana, la Fondazione Comunit\u00e0Servizi onlus e il Comune di Savona, attraverso l\u2019assessorato a servizi sociali e politiche abitative, organizzano un convegno dal titolo \u201cFunambole in equilibrio precario. Famiglie e problematica abitativa\u201d presso la sala della Sibilla al Priam\u00e0r. Moderatore della giornata, l\u2019architetto Gabriele Rabaiotti. [&hellip;]<\/p>\n","protected":false},"author":13744,"featured_media":0,"comment_status":"open","ping_status":"closed","sticky":false,"template":"","format":"standard","meta":{"footnotes":""},"categories":[],"tags":[14518,1634,85995,85850],"class_list":["post-252475","post","type-post","status-publish","format-standard","hentry","tag-caritas-diocesana","tag-emergenza-abitativa","tag-priamar","tag-savona","post_cat_citta-savona"],"amp_validity":null,"amp_enabled":true,"_links":{"self":[{"href":"https:\/\/staging.ivg.it\/ediapi\/wp\/v2\/posts\/252475","targetHints":{"allow":["GET"]}}],"collection":[{"href":"https:\/\/staging.ivg.it\/ediapi\/wp\/v2\/posts"}],"about":[{"href":"https:\/\/staging.ivg.it\/ediapi\/wp\/v2\/types\/post"}],"author":[{"embeddable":true,"href":"https:\/\/staging.ivg.it\/ediapi\/wp\/v2\/users\/13744"}],"replies":[{"embeddable":true,"href":"https:\/\/staging.ivg.it\/ediapi\/wp\/v2\/comments?post=252475"}],"version-history":[{"count":0,"href":"https:\/\/staging.ivg.it\/ediapi\/wp\/v2\/posts\/252475\/revisions"}],"wp:attachment":[{"href":"https:\/\/staging.ivg.it\/ediapi\/wp\/v2\/media?parent=252475"}],"wp:term":[{"taxonomy":"category","embeddable":true,"href":"https:\/\/staging.ivg.it\/ediapi\/wp\/v2\/categories?post=252475"},{"taxonomy":"post_tag","embeddable":true,"href":"https:\/\/staging.ivg.it\/ediapi\/wp\/v2\/tags?post=252475"}],"curies":[{"name":"wp","href":"https:\/\/api.w.org\/{rel}","templated":true}]}}