{"id":252327,"date":"2013-10-31T14:21:05","date_gmt":"2013-10-31T13:21:05","guid":{"rendered":"http:\/\/www.ivg.it\/?p=252327"},"modified":"2013-10-31T14:21:05","modified_gmt":"2013-10-31T13:21:05","slug":"smaltimento-rifiuti-ata-sia-aggiudica-bando-ospedale-santa-corona","status":"publish","type":"post","link":"https:\/\/staging.ivg.it\/2013\/10\/smaltimento-rifiuti-ata-sia-aggiudica-bando-ospedale-santa-corona\/","title":{"rendered":"Smaltimento rifiuti: Ata sia aggiudica bando ospedale Santa corona"},"content":{"rendered":"<p><strong>Pietra Ligure<\/strong>. L&#8217;Ata Spa si \u00e8 aggiudicata, tramite procedura negoziata bandita dall&#8217;Azienda Sanitaria Locale 2 del Savonese, l&#8217;affidamento del servizio di ritiro, trasporto, smaltimento dei rifiuti solidi assimilabili agli urbani presso l&#8217;Ospedale Santa Corona di Pietra Ligure, per un periodo contrattuale di 36 mesi, con decorrenza 1 novembre 2013.<\/p>\n<p>L&#8217;ingegner Luca Pesce e Sara Vaggi, rispettivamente direttore e presidente della societ\u00e0, commentano: &#8220;E&#8217; con grande soddisfazione che la societ\u00e0 acquisisce questo servizio, perch\u00e9 si unisce e completa il recente affidamento della gestione, ambientalmente sostenibile, dei servizi di raccolta porta a porta dei rifiuti urbani comprese tutte le frazioni differenziabili, nonch\u00e9 spazzamento stradale, avviato nei Comuni di Pietra Ligure e Giustenice, completando localmente la proposta aggregativa di Ata Spa, in linea con le aspettative regionali e provinciali di gestione per aree omogenee dei servizi ambientali&#8221;.<\/p>\n<p>&#8220;Anche in questo caso, lo svolgimento del servizio sar\u00e0 effettuato con mezzi Green elettrici, ribadendo una volont\u00e0 di svolgimento dei servizi che non sia solo efficace ma che punti ad una logistica ad impatto 0&#8221; concludono.<\/p>\n","protected":false},"excerpt":{"rendered":"<p>Pietra Ligure. L&#8217;Ata Spa si \u00e8 aggiudicata, tramite procedura negoziata bandita dall&#8217;Azienda Sanitaria Locale 2 del Savonese, l&#8217;affidamento del servizio di ritiro, trasporto, smaltimento dei rifiuti solidi assimilabili agli urbani presso l&#8217;Ospedale Santa Corona di Pietra Ligure, per un periodo contrattuale di 36 mesi, con decorrenza 1 novembre 2013. L&#8217;ingegner Luca Pesce e Sara Vaggi, [&hellip;]<\/p>\n","protected":false},"author":13744,"featured_media":0,"comment_status":"open","ping_status":"closed","sticky":false,"template":"","format":"standard","meta":{"footnotes":""},"categories":[],"tags":[3187,872,498,302],"class_list":["post-252327","post","type-post","status-publish","format-standard","hentry","tag-ata","tag-ospedale","tag-rifiuti","tag-santa-corona","post_cat_citta-pietra-ligure"],"amp_validity":null,"amp_enabled":true,"_links":{"self":[{"href":"https:\/\/staging.ivg.it\/ediapi\/wp\/v2\/posts\/252327","targetHints":{"allow":["GET"]}}],"collection":[{"href":"https:\/\/staging.ivg.it\/ediapi\/wp\/v2\/posts"}],"about":[{"href":"https:\/\/staging.ivg.it\/ediapi\/wp\/v2\/types\/post"}],"author":[{"embeddable":true,"href":"https:\/\/staging.ivg.it\/ediapi\/wp\/v2\/users\/13744"}],"replies":[{"embeddable":true,"href":"https:\/\/staging.ivg.it\/ediapi\/wp\/v2\/comments?post=252327"}],"version-history":[{"count":0,"href":"https:\/\/staging.ivg.it\/ediapi\/wp\/v2\/posts\/252327\/revisions"}],"wp:attachment":[{"href":"https:\/\/staging.ivg.it\/ediapi\/wp\/v2\/media?parent=252327"}],"wp:term":[{"taxonomy":"category","embeddable":true,"href":"https:\/\/staging.ivg.it\/ediapi\/wp\/v2\/categories?post=252327"},{"taxonomy":"post_tag","embeddable":true,"href":"https:\/\/staging.ivg.it\/ediapi\/wp\/v2\/tags?post=252327"}],"curies":[{"name":"wp","href":"https:\/\/api.w.org\/{rel}","templated":true}]}}