{"id":251887,"date":"2013-10-24T15:51:50","date_gmt":"2013-10-24T13:51:50","guid":{"rendered":"http:\/\/www.ivg.it\/?p=251887"},"modified":"2013-10-24T22:46:52","modified_gmt":"2013-10-24T20:46:52","slug":"richeri-piaggio-bando","status":"publish","type":"post","link":"https:\/\/staging.ivg.it\/2013\/10\/richeri-piaggio-bando\/","title":{"rendered":"Piaggio, il sindaco Richeri: &#8220;Le cose stanno andando a posto, allungati i termini del bando per le proposte&#8221;"},"content":{"rendered":"<p><strong>Finale Ligure<\/strong>. &#8220;I movimenti che si vedono nel cantiere di Villanova sono il segnale che le cose stanno andando a posto&#8221;. Lo sottolinea il sindaco finalese Flaminio Richeri. <\/p>\n<p>&#8220;Ho informazioni dall&#8217;assessore Guccinelli che prevede, entro la fine del mese, di convocare un tavolo per la presentazione del piano industriale sul quale poi discutere. Nel frattempo il Comune ha reiterato la richiesta alla Finalmare di predisporre un piano economico che dimostri l&#8217;insostenibilt\u00e0 economica del progetto approvato nel 2008, oltre ad un piano economico che ci dimostri la equit\u00e0 dal punto di vista delle cubature di quanto si prevede di fare nel nuovo progetto&#8221; aggiunge. <\/p>\n<p>&#8220;Vogliamo vedere i conti per capire se le cubature concesse nell&#8217;area Piaggio sono sufficienti e necessarie a sostenere il trasferimento a Villanova e non esorbitanti come ricavo economico. Abbiamo incaricato Ips che ha gi\u00e0 raccolto da Comune e Finalmare i dati necessari e entro met\u00e0 novembre avremo questo documento&#8221; dice il sindaco. <\/p>\n<p>&#8220;Le polemiche sono pre elettorali e non. Quando si parla di opere cos\u00ec importanti \u00e8 ovvio che ci siano tante idee e quindi conseguenti polemiche, l&#8217;importante \u00e8 approcciare il problema con onest\u00e0 intellettuale. Sono arrivati alcuni progetti, per\u00f2 sulla scorta anche dell&#8217;ordine del giorno presentato in Comune dal Pd che ci invitava a dare maggior respiro a questo concorso di idee abbiamo allungato i termini fino alla fine di novembre per la presentazione delle proposte. Abbiamo anche predisposto una traduzione in inglese del bando pubblicato sul sito in modo da ricevere anche proposte &#8216;internazionali&#8217;, che poi discuteremo. Sceglieremo quella che sembrer\u00e0 la destinazione pi\u00f9 positiva e favorevole per Finale Ligure&#8221; conclude Richeri.  <\/p>\n","protected":false},"excerpt":{"rendered":"<p>Finale Ligure. &#8220;I movimenti che si vedono nel cantiere di Villanova sono il segnale che le cose stanno andando a posto&#8221;. Lo sottolinea il sindaco finalese Flaminio Richeri. &#8220;Ho informazioni dall&#8217;assessore Guccinelli che prevede, entro la fine del mese, di convocare un tavolo per la presentazione del piano industriale sul quale poi discutere. Nel frattempo [&hellip;]<\/p>\n","protected":false},"author":13744,"featured_media":0,"comment_status":"open","ping_status":"closed","sticky":false,"template":"","format":"standard","meta":{"footnotes":""},"categories":[35,31],"tags":[85844,3924,1132,125],"class_list":["post-251887","post","type-post","status-publish","format-standard","hentry","category-economia","category-politica","tag-finale-ligure","tag-flaminio-richeri","tag-piaggio","tag-villanova","post_cat_citta-finale-ligure","post_cat_citta-villanova-dalbenga"],"amp_validity":null,"amp_enabled":true,"_links":{"self":[{"href":"https:\/\/staging.ivg.it\/ediapi\/wp\/v2\/posts\/251887","targetHints":{"allow":["GET"]}}],"collection":[{"href":"https:\/\/staging.ivg.it\/ediapi\/wp\/v2\/posts"}],"about":[{"href":"https:\/\/staging.ivg.it\/ediapi\/wp\/v2\/types\/post"}],"author":[{"embeddable":true,"href":"https:\/\/staging.ivg.it\/ediapi\/wp\/v2\/users\/13744"}],"replies":[{"embeddable":true,"href":"https:\/\/staging.ivg.it\/ediapi\/wp\/v2\/comments?post=251887"}],"version-history":[{"count":0,"href":"https:\/\/staging.ivg.it\/ediapi\/wp\/v2\/posts\/251887\/revisions"}],"wp:attachment":[{"href":"https:\/\/staging.ivg.it\/ediapi\/wp\/v2\/media?parent=251887"}],"wp:term":[{"taxonomy":"category","embeddable":true,"href":"https:\/\/staging.ivg.it\/ediapi\/wp\/v2\/categories?post=251887"},{"taxonomy":"post_tag","embeddable":true,"href":"https:\/\/staging.ivg.it\/ediapi\/wp\/v2\/tags?post=251887"}],"curies":[{"name":"wp","href":"https:\/\/api.w.org\/{rel}","templated":true}]}}