{"id":251722,"date":"2013-10-22T08:31:24","date_gmt":"2013-10-22T06:31:24","guid":{"rendered":"http:\/\/www.ivg.it\/?p=251722"},"modified":"2013-10-22T19:27:51","modified_gmt":"2013-10-22T17:27:51","slug":"savona-altra-notte-accampamenti-al-terminal-tpl-mongrifone","status":"publish","type":"post","link":"https:\/\/staging.ivg.it\/2013\/10\/savona-altra-notte-accampamenti-al-terminal-tpl-mongrifone\/","title":{"rendered":"Savona, altra notte di &#8220;accampamenti&#8221; al terminal Tpl a Mongrifone"},"content":{"rendered":"<p><strong>Savona<\/strong>. Altra notte di &#8220;accampamenti&#8221; all\u2019interno del terminal dei bus Tpl della stazione Mongrifone, a Savona. Nelle scorse ore erano almeno in tre a dormire su materassi e coperte improvvisati per ripararsi dalle prime frescure autunnali.<\/p>\n<p>Dalle foto scattate ieri sera si vedono le particolari &#8220;camere da letto&#8221; con una sedia a rotelle che fa bella mostra di s\u00e9. Il primo a segnalare questa situazione \u00e8 stato il gruppo \u201cWe live in Santa Rita\u201d nato su Facebook.<\/p>\n<p>Uno degli utenti del gruppo chiede: \u201cMa chi sono quelli che ci dormono? Extracomunitari, rumeni o forse italiani senza fissa dimora. E\u2019 in ogni caso uno scempio..si spendono un mare di soldi e poi diventa cos\u00ec. Non c\u2019\u00e8 l\u2019ho con i poveracci che occupano quel posto, ma con la nostra amministrazione che non fa nulla perch\u00e9 non accada. Se dormono l\u00ec non hanno altra possibilit\u00e0 e su questo che bisogna che il nostro sindaco provveda\u201d. <\/p>\n","protected":false},"excerpt":{"rendered":"<p>Savona. Altra notte di &#8220;accampamenti&#8221; all\u2019interno del terminal dei bus Tpl della stazione Mongrifone, a Savona. Nelle scorse ore erano almeno in tre a dormire su materassi e coperte improvvisati per ripararsi dalle prime frescure autunnali. Dalle foto scattate ieri sera si vedono le particolari &#8220;camere da letto&#8221; con una sedia a rotelle che fa [&hellip;]<\/p>\n","protected":false},"author":13744,"featured_media":0,"comment_status":"open","ping_status":"closed","sticky":false,"template":"","format":"standard","meta":{"footnotes":""},"categories":[34],"tags":[2731,85850,15292,15349],"class_list":["post-251722","post","type-post","status-publish","format-standard","hentry","category-cronaca","tag-dormitorio","tag-savona","tag-senzatetto","tag-stazione-mongrifone","post_cat_citta-savona"],"amp_validity":null,"amp_enabled":true,"_links":{"self":[{"href":"https:\/\/staging.ivg.it\/ediapi\/wp\/v2\/posts\/251722","targetHints":{"allow":["GET"]}}],"collection":[{"href":"https:\/\/staging.ivg.it\/ediapi\/wp\/v2\/posts"}],"about":[{"href":"https:\/\/staging.ivg.it\/ediapi\/wp\/v2\/types\/post"}],"author":[{"embeddable":true,"href":"https:\/\/staging.ivg.it\/ediapi\/wp\/v2\/users\/13744"}],"replies":[{"embeddable":true,"href":"https:\/\/staging.ivg.it\/ediapi\/wp\/v2\/comments?post=251722"}],"version-history":[{"count":0,"href":"https:\/\/staging.ivg.it\/ediapi\/wp\/v2\/posts\/251722\/revisions"}],"wp:attachment":[{"href":"https:\/\/staging.ivg.it\/ediapi\/wp\/v2\/media?parent=251722"}],"wp:term":[{"taxonomy":"category","embeddable":true,"href":"https:\/\/staging.ivg.it\/ediapi\/wp\/v2\/categories?post=251722"},{"taxonomy":"post_tag","embeddable":true,"href":"https:\/\/staging.ivg.it\/ediapi\/wp\/v2\/tags?post=251722"}],"curies":[{"name":"wp","href":"https:\/\/api.w.org\/{rel}","templated":true}]}}