{"id":251704,"date":"2013-10-21T15:10:57","date_gmt":"2013-10-21T13:10:57","guid":{"rendered":"http:\/\/www.ivg.it\/?p=251704"},"modified":"2013-10-22T15:56:43","modified_gmt":"2013-10-22T13:56:43","slug":"incidente-alla-enduro-world-series-finale","status":"publish","type":"post","link":"https:\/\/staging.ivg.it\/2013\/10\/incidente-alla-enduro-world-series-finale\/","title":{"rendered":"Incidente alla &#8220;Enduro World series&#8221; di Finale, grave paralisi per il biker 56enne"},"content":{"rendered":"<p><strong>Pietra L.<\/strong> &#8220;L&#8217;intervento chirurgico delle scorse ore \u00e8 tecnicamente riuscito ma la lesione rimane importante&#8221;: queste le dichiarazioni ufficiali che trapelano dal Santa Corona di Pietra Ligure dove Pietro Mangoni si trova ricoverato da sabato scorso.<\/p>\n<p>Parole delicate che cercano di rendere meno crudo il quadro clinico del biker bergamasco, vittima di un tremendo incidente nel corso della &#8220;Finale Enduro World Series\u201d, quando \u00e8 stato sbalzato dalla sella della sua due ruote nel tentativo di saltare un masso, cadendo poi rovinosamente a terra e battendo schiena e testa.<\/p>\n<p>&#8220;Nelle prossime ore ci accerteremo dell&#8217;entit\u00e0 dei danni subiti e del grado di mobilit\u00e0 degli arti&#8221; sono le caute dichiarazioni che descrivono le conseguenze di una diagnosi impietosa, ossia quella di una lesione mielica con danno cervicale.<\/p>\n<p>Una paralisi, praticamente totale, di braccia, gambe e tronco. La possibilit\u00e0 di recupero di una mobilit\u00e0 degli arti, di cui parlano alcuni, pare praticamente impossibile. Mangoni rester\u00e0 in Rianimazione ancora una decina di giorni per poi passare all&#8217;Unit\u00e0 Spinale. Ma la lesione midollare avrebbe compromesso ogni possibilit\u00e0 di movimento anche per il futuro.<\/p>\n<p>Questo incidente ha cos\u00ec trasformato una giornata di sport in una vera tragedia per il biker 56enne. Le sue condizioni sono apparse immediatamente gravissime ai soccorritori (tra i primi a intervenire, i tecnici del soccorso alpino di Finale e la Croce Verde di Finalborgo) che lo hanno stabilizzato e immobilizzato in barella per il trasporto in elicottero all&#8217;ospedale pietrese. La gara, sabato, \u00e8 stata sospesa, ma poi \u00e8 ripresa regolarmente domenica.<\/p>\n","protected":false},"excerpt":{"rendered":"<p>Pietra L. &#8220;L&#8217;intervento chirurgico delle scorse ore \u00e8 tecnicamente riuscito ma la lesione rimane importante&#8221;: queste le dichiarazioni ufficiali che trapelano dal Santa Corona di Pietra Ligure dove Pietro Mangoni si trova ricoverato da sabato scorso. Parole delicate che cercano di rendere meno crudo il quadro clinico del biker bergamasco, vittima di un tremendo incidente [&hellip;]<\/p>\n","protected":false},"author":13744,"featured_media":0,"comment_status":"open","ping_status":"closed","sticky":false,"template":"","format":"standard","meta":{"footnotes":""},"categories":[34],"tags":[13601,209,13602],"class_list":["post-251704","post","type-post","status-publish","format-standard","hentry","category-cronaca","tag-enduro","tag-finale","tag-finalenduro","post_cat_citta-finale-ligure"],"amp_validity":null,"amp_enabled":true,"_links":{"self":[{"href":"https:\/\/staging.ivg.it\/ediapi\/wp\/v2\/posts\/251704","targetHints":{"allow":["GET"]}}],"collection":[{"href":"https:\/\/staging.ivg.it\/ediapi\/wp\/v2\/posts"}],"about":[{"href":"https:\/\/staging.ivg.it\/ediapi\/wp\/v2\/types\/post"}],"author":[{"embeddable":true,"href":"https:\/\/staging.ivg.it\/ediapi\/wp\/v2\/users\/13744"}],"replies":[{"embeddable":true,"href":"https:\/\/staging.ivg.it\/ediapi\/wp\/v2\/comments?post=251704"}],"version-history":[{"count":0,"href":"https:\/\/staging.ivg.it\/ediapi\/wp\/v2\/posts\/251704\/revisions"}],"wp:attachment":[{"href":"https:\/\/staging.ivg.it\/ediapi\/wp\/v2\/media?parent=251704"}],"wp:term":[{"taxonomy":"category","embeddable":true,"href":"https:\/\/staging.ivg.it\/ediapi\/wp\/v2\/categories?post=251704"},{"taxonomy":"post_tag","embeddable":true,"href":"https:\/\/staging.ivg.it\/ediapi\/wp\/v2\/tags?post=251704"}],"curies":[{"name":"wp","href":"https:\/\/api.w.org\/{rel}","templated":true}]}}