{"id":251484,"date":"2013-10-17T14:04:29","date_gmt":"2013-10-17T12:04:29","guid":{"rendered":"http:\/\/www.ivg.it\/?p=251484"},"modified":"2013-10-18T07:05:00","modified_gmt":"2013-10-18T05:05:00","slug":"protesta-reefer-i-lavoratori-corteo-bloccano-larea-dellinterporto-vado","status":"publish","type":"post","link":"https:\/\/staging.ivg.it\/2013\/10\/protesta-reefer-i-lavoratori-corteo-bloccano-larea-dellinterporto-vado\/","title":{"rendered":"Protesta Reefer: i lavoratori in corteo bloccano l&#8217;area dell&#8217;Interporto di Vado"},"content":{"rendered":"<p><strong>Vado Ligure.<\/strong> &#8220;Non hanno ascoltato nessuno, hanno voluto immediatamente lo scontro&#8221;. Rabbia e disappunto si sono riversati nel corteo che ha visto scendere per le strade di Vado i lavoratori Reefer, che appunto accusano il gruppo Orsero per la mancanza di dialogo e per le decisioni unilaterali. Stamane sono arrivate le lettere con le procedure sui 70 esuberi. Al termine dell&#8217;assemblea, i dipendenti dell&#8217;azienda sono usciti dal varco portuale, bloccando la viabilit\u00e0 della zona dell&#8217;Interporto. <\/p>\n<p>Claudio Schivo, segretario generale della Filt Cgil Savona, commenta: &#8220;L&#8217;azienda ha disatteso accordi siglati con noi lo scorso aprile. Non possiamo accettarlo. I lavoratori stanno rispondendo in maniera ferma e la protesta continure\u00e0, fra l&#8217;altro in un porto che non pu\u00f2 permettersi situazioni di questa natura&#8221;. <\/p>\n<p>&#8220;Qui c&#8217;\u00e8 una delle poche occasioni di sviluppo, legate alla piattaforma e su quello dobbiamo insistere. La partita non pu\u00f2 essere liquidata solo fra le mura di questa azienda&#8221; aggiunge Schivo. <\/p>\n<p>L&#8217;esponente sindacale prosegue: &#8220;Si tratta di un problema che, legato anche alla Fruttital, vede oltre cento capifamiglia che rischiano di rimanere in mezzo ad una strada e senza reddito. Tutti, compresa l&#8217;Autorit\u00e0 Portuale, devono svolgere il loro ruolo, anche di regia rispetto al porto di Savona. Come organizzazione sindacale, ma anche umanamente, non ne possiamo pi\u00f9 di rincorrere le istituzioni per avere risposte sul dramma della crisi e di chi rischia il posto di lavoro&#8221;. <\/p>\n<p>Domattina lavoratori e sindacati hanno annunciato la prosecuzione della protesta, con un nuovo corteo. &#8220;Non vogliamo andare avanti cos\u00ec, e siamo pronti a fare ragionamenti condivisi, partendo dal fatto che i dipendenti hanno il contratto di solidariet\u00e0 che scade ad aprile e dalla necessit\u00e0 di interventi conservativi come quelli che sono in atto&#8221; afferma Roberto Speranza della Fit Cisl. <\/p>\n","protected":false},"excerpt":{"rendered":"<p>Vado Ligure. &#8220;Non hanno ascoltato nessuno, hanno voluto immediatamente lo scontro&#8221;. Rabbia e disappunto si sono riversati nel corteo che ha visto scendere per le strade di Vado i lavoratori Reefer, che appunto accusano il gruppo Orsero per la mancanza di dialogo e per le decisioni unilaterali. Stamane sono arrivate le lettere con le procedure [&hellip;]<\/p>\n","protected":false},"author":13744,"featured_media":0,"comment_status":"open","ping_status":"closed","sticky":false,"template":"","format":"standard","meta":{"footnotes":""},"categories":[35],"tags":[49321,2840,1009,26724,349,781,2686,261],"class_list":["post-251484","post","type-post","status-publish","format-standard","hentry","category-economia","tag-assemblea-lavoratori","tag-aurelia","tag-corteo","tag-fruttital","tag-orsero","tag-protesta","tag-reefer","tag-vado","post_cat_citta-andora","post_cat_citta-vado-ligure"],"amp_validity":null,"amp_enabled":true,"_links":{"self":[{"href":"https:\/\/staging.ivg.it\/ediapi\/wp\/v2\/posts\/251484","targetHints":{"allow":["GET"]}}],"collection":[{"href":"https:\/\/staging.ivg.it\/ediapi\/wp\/v2\/posts"}],"about":[{"href":"https:\/\/staging.ivg.it\/ediapi\/wp\/v2\/types\/post"}],"author":[{"embeddable":true,"href":"https:\/\/staging.ivg.it\/ediapi\/wp\/v2\/users\/13744"}],"replies":[{"embeddable":true,"href":"https:\/\/staging.ivg.it\/ediapi\/wp\/v2\/comments?post=251484"}],"version-history":[{"count":0,"href":"https:\/\/staging.ivg.it\/ediapi\/wp\/v2\/posts\/251484\/revisions"}],"wp:attachment":[{"href":"https:\/\/staging.ivg.it\/ediapi\/wp\/v2\/media?parent=251484"}],"wp:term":[{"taxonomy":"category","embeddable":true,"href":"https:\/\/staging.ivg.it\/ediapi\/wp\/v2\/categories?post=251484"},{"taxonomy":"post_tag","embeddable":true,"href":"https:\/\/staging.ivg.it\/ediapi\/wp\/v2\/tags?post=251484"}],"curies":[{"name":"wp","href":"https:\/\/api.w.org\/{rel}","templated":true}]}}