{"id":251141,"date":"2013-10-11T20:14:18","date_gmt":"2013-10-11T18:14:18","guid":{"rendered":"http:\/\/www.ivg.it\/?p=251141"},"modified":"2013-10-11T20:14:18","modified_gmt":"2013-10-11T18:14:18","slug":"savona-la-lega-pro-ufficializza-lanticipo-san-marino-si-gioca-il-18-ottobre","status":"publish","type":"post","link":"https:\/\/staging.ivg.it\/2013\/10\/savona-la-lega-pro-ufficializza-lanticipo-san-marino-si-gioca-il-18-ottobre\/","title":{"rendered":"Savona, la Lega Pro ufficializza l&#8217;anticipo: a San Marino si gioca venerd\u00ec 18 ottobre"},"content":{"rendered":"<p><b>Savona.<\/b> Doppia trasferta per il Savona che diventa ancora pi\u00f9 complicata.<\/p>\n<p>Oggi, la Lega, vista la richiesta avanzata dalla societ\u00e0 San Marino e dalle autorit\u00e0 competenti in relazione alla concomitanza con la giornata referendaria nel territorio della Repubblica, ed a ratifica degli accordi intercorsi tra societ\u00e0 interessate, ha disposto che la gara San Marino-Savona venga anticipata a venerd\u00ec 18 ottobre presso lo Stadio \u201cOlimpico\u201d di Serravalle R.S.M., con inizio alle ore 15,00.<\/p>\n","protected":false},"excerpt":{"rendered":"<p>Savona. Doppia trasferta per il Savona che diventa ancora pi\u00f9 complicata. Oggi, la Lega, vista la richiesta avanzata dalla societ\u00e0 San Marino e dalle autorit\u00e0 competenti in relazione alla concomitanza con la giornata referendaria nel territorio della Repubblica, ed a ratifica degli accordi intercorsi tra societ\u00e0 interessate, ha disposto che la gara San Marino-Savona venga [&hellip;]<\/p>\n","protected":false},"author":13744,"featured_media":0,"comment_status":"open","ping_status":"closed","sticky":false,"template":"","format":"standard","meta":{"footnotes":""},"categories":[1578],"tags":[6328,85989,24481,11065,36309,85850],"class_list":["post-251141","post","type-post","status-publish","format-standard","hentry","category-savona-calcio","tag-anticipo","tag-calcio","tag-lega-pro","tag-prima-divisione","tag-san-marino","tag-savona","post_cat_citta-savona"],"amp_validity":null,"amp_enabled":true,"_links":{"self":[{"href":"https:\/\/staging.ivg.it\/ediapi\/wp\/v2\/posts\/251141","targetHints":{"allow":["GET"]}}],"collection":[{"href":"https:\/\/staging.ivg.it\/ediapi\/wp\/v2\/posts"}],"about":[{"href":"https:\/\/staging.ivg.it\/ediapi\/wp\/v2\/types\/post"}],"author":[{"embeddable":true,"href":"https:\/\/staging.ivg.it\/ediapi\/wp\/v2\/users\/13744"}],"replies":[{"embeddable":true,"href":"https:\/\/staging.ivg.it\/ediapi\/wp\/v2\/comments?post=251141"}],"version-history":[{"count":0,"href":"https:\/\/staging.ivg.it\/ediapi\/wp\/v2\/posts\/251141\/revisions"}],"wp:attachment":[{"href":"https:\/\/staging.ivg.it\/ediapi\/wp\/v2\/media?parent=251141"}],"wp:term":[{"taxonomy":"category","embeddable":true,"href":"https:\/\/staging.ivg.it\/ediapi\/wp\/v2\/categories?post=251141"},{"taxonomy":"post_tag","embeddable":true,"href":"https:\/\/staging.ivg.it\/ediapi\/wp\/v2\/tags?post=251141"}],"curies":[{"name":"wp","href":"https:\/\/api.w.org\/{rel}","templated":true}]}}