{"id":251043,"date":"2013-10-10T16:20:27","date_gmt":"2013-10-10T14:20:27","guid":{"rendered":"http:\/\/www.ivg.it\/?p=251043"},"modified":"2015-11-10T21:33:38","modified_gmt":"2015-11-10T20:33:38","slug":"maestra-giudizio-maltrattamenti-agli-alunni-sentite-altre-tre-mamme-figlio-le-corre-incontro","status":"publish","type":"post","link":"https:\/\/staging.ivg.it\/2013\/10\/maestra-giudizio-maltrattamenti-agli-alunni-sentite-altre-tre-mamme-figlio-le-corre-incontro\/","title":{"rendered":"Maestra a giudizio per maltrattamenti agli alunni, sentite altre tre mamme: &#8220;Mio figlio le corre ancora incontro&#8221;"},"content":{"rendered":"<p><strong>Noli<\/strong>. Nuova sfilata di testimoni nel processo che vede a giudizio la maestra di Noli Rosemma Testa, accusata di maltrattamenti verso i suoi piccoli alunni. Stamattina in tribunale sono state ascoltate tre mamme di ex alunni dell&#8217;imputata che, come gi\u00e0 avevano fatto altri genitori, hanno escluso che i loro figli abbiano mai ricevuto trattamenti non adeguati dalla docente.<\/p>\n<p>Secondo l&#8217;accusa (come denunciato da tre mamme che si erano rivolte ai carabinieri), la maestra avrebbe avuto invece dei comportamenti poco ortodossi e atteggiamenti autoritari verso gli alunni dell&#8217;Istituto. Episodi tutti risalenti al periodo tra il 2007 e il 2010 ed alcuni dei quali ripresi con delle micro camere installate dai carabinieri nella scuola. Durante le indagini i militari avevano ascoltato genitori e personale dell&#8217;asilo per capire se effettivamente nell&#8217;Istituto, il &#8220;De Ferrari&#8221; di Noli, avvenissero episodi di violenza: dalle deposizioni gli investigatori avevano ritenuto di trovare conferme ai sospetti. Oggi, in aula, i testimoni hanno parlato di rapporto sereno tra i bimbi e l&#8217;imputata. &#8220;Quando mio figlio la incontra per strada ancora adesso gli butta le braccia intorno al collo&#8221; ha raccontato una delle mamme.<\/p>\n<p>Il processo \u00e8 stato poi rinviato al prossimo 10 aprile quando in aula saranno visionati i filmati che riprenderebbero i comportamenti violenti della docente. Gesti che l&#8217;imputata, ascoltata nella scorsa udienza, aveva spiegato cos\u00ec: &#8220;Ricordo bene uno di quegli episodi perch\u00e9 mi ha colpito e avevo anche telefonato ai genitori per parlargliene. Ho appoggiato la mano tra i capelli del bimbo per accompagnarlo in castigo, ma non l&#8217;ho tirato enon \u00e8 stato un gesto violento. Ho dovuto reagire cos\u00ec perch\u00e9 stava facendo male agli altri bambini. Per la sua et\u00e0 era un bimbo pi\u00f9 grande degli altri e certe volte usava le mani per farsi valere. Quando l&#8217;ho accompaganto lui poi non ha pianto ed \u00e8 rimasto in castigo qualche minuto, ma la questione si \u00e8 chiusa l\u00ec&#8221;.<\/p>\n","protected":false},"excerpt":{"rendered":"<p>Noli. Nuova sfilata di testimoni nel processo che vede a giudizio la maestra di Noli Rosemma Testa, accusata di maltrattamenti verso i suoi piccoli alunni. Stamattina in tribunale sono state ascoltate tre mamme di ex alunni dell&#8217;imputata che, come gi\u00e0 avevano fatto altri genitori, hanno escluso che i loro figli abbiano mai ricevuto trattamenti non [&hellip;]<\/p>\n","protected":false},"author":2394,"featured_media":0,"comment_status":"open","ping_status":"closed","sticky":false,"template":"","format":"standard","meta":{"footnotes":""},"categories":[34],"tags":[643,2641,1981,85850],"class_list":["post-251043","post","type-post","status-publish","format-standard","hentry","category-cronaca","tag-asilo","tag-maltrattamenti","tag-processo","tag-savona","post_cat_citta-noli","post_tag_personaggi-rosemma-testa"],"amp_validity":null,"amp_enabled":true,"_links":{"self":[{"href":"https:\/\/staging.ivg.it\/ediapi\/wp\/v2\/posts\/251043","targetHints":{"allow":["GET"]}}],"collection":[{"href":"https:\/\/staging.ivg.it\/ediapi\/wp\/v2\/posts"}],"about":[{"href":"https:\/\/staging.ivg.it\/ediapi\/wp\/v2\/types\/post"}],"author":[{"embeddable":true,"href":"https:\/\/staging.ivg.it\/ediapi\/wp\/v2\/users\/2394"}],"replies":[{"embeddable":true,"href":"https:\/\/staging.ivg.it\/ediapi\/wp\/v2\/comments?post=251043"}],"version-history":[{"count":0,"href":"https:\/\/staging.ivg.it\/ediapi\/wp\/v2\/posts\/251043\/revisions"}],"wp:attachment":[{"href":"https:\/\/staging.ivg.it\/ediapi\/wp\/v2\/media?parent=251043"}],"wp:term":[{"taxonomy":"category","embeddable":true,"href":"https:\/\/staging.ivg.it\/ediapi\/wp\/v2\/categories?post=251043"},{"taxonomy":"post_tag","embeddable":true,"href":"https:\/\/staging.ivg.it\/ediapi\/wp\/v2\/tags?post=251043"}],"curies":[{"name":"wp","href":"https:\/\/api.w.org\/{rel}","templated":true}]}}