{"id":250892,"date":"2013-10-08T13:33:42","date_gmt":"2013-10-08T11:33:42","guid":{"rendered":"http:\/\/www.ivg.it\/?p=250892"},"modified":"2013-10-08T17:27:24","modified_gmt":"2013-10-08T15:27:24","slug":"superstiti-lampedusa-rambaudi-felice-se-i-comuni-liguri-si-candidano-allaccoglienza","status":"publish","type":"post","link":"https:\/\/staging.ivg.it\/2013\/10\/superstiti-lampedusa-rambaudi-felice-se-i-comuni-liguri-si-candidano-allaccoglienza\/","title":{"rendered":"Superstiti di Lampedusa, Rambaudi: &#8220;Felice se i Comuni liguri si candidano all&#8217;accoglienza&#8221;"},"content":{"rendered":"<p><strong>Regione<\/strong>. Anche i Comuni liguri potrebbero concorrere all&#8217;accoglienza dei migranti reduci dal tragico naufragio del barcone a Lampedusa. Si profila infatti la possibilit\u00e0 di gestire la sistemazione dei profughi come gi\u00e0 accaduto con l&#8217;emergenza Nord Africa, che aveva riguardato anche la Liguria. <\/p>\n<p>Si sta discutendo di rinnovare e aumentare i progetti &#8220;Sprar&#8221; con i quali negli ultimi due anni sono stati effettuati percorsi di integrazione per richiedenti asilo e rifugiati. Non ci sar\u00e0 pi\u00f9 obbligo per gli enti locali, ma facolt\u00e0 di candidarsi ad organizzare l&#8217;accoglienza sul proprio territorio. <\/p>\n<p>&#8220;Il bando richiede spazi adeguati e professionalit\u00e0 &#8211; ha detto l&#8217;assessore regionale Lorena Rambaudi a proposito della nuova emergenza di Lampedusa &#8211; Sar\u00f2 ben felice se ci saranno Comuni candidati ad enti gestori e vorranno partecipare&#8221;. <\/p>\n","protected":false},"excerpt":{"rendered":"<p>Regione. Anche i Comuni liguri potrebbero concorrere all&#8217;accoglienza dei migranti reduci dal tragico naufragio del barcone a Lampedusa. Si profila infatti la possibilit\u00e0 di gestire la sistemazione dei profughi come gi\u00e0 accaduto con l&#8217;emergenza Nord Africa, che aveva riguardato anche la Liguria. Si sta discutendo di rinnovare e aumentare i progetti &#8220;Sprar&#8221; con i quali [&hellip;]<\/p>\n","protected":false},"author":13744,"featured_media":0,"comment_status":"open","ping_status":"closed","sticky":false,"template":"","format":"standard","meta":{"footnotes":""},"categories":[31],"tags":[1550,32030,2944,31028,295],"class_list":["post-250892","post","type-post","status-publish","format-standard","hentry","category-politica","tag-immigrazione","tag-lampedusa","tag-lorena-rambaudi","tag-profughi","tag-regione","post_cat_citta-andora"],"amp_validity":null,"amp_enabled":true,"_links":{"self":[{"href":"https:\/\/staging.ivg.it\/ediapi\/wp\/v2\/posts\/250892","targetHints":{"allow":["GET"]}}],"collection":[{"href":"https:\/\/staging.ivg.it\/ediapi\/wp\/v2\/posts"}],"about":[{"href":"https:\/\/staging.ivg.it\/ediapi\/wp\/v2\/types\/post"}],"author":[{"embeddable":true,"href":"https:\/\/staging.ivg.it\/ediapi\/wp\/v2\/users\/13744"}],"replies":[{"embeddable":true,"href":"https:\/\/staging.ivg.it\/ediapi\/wp\/v2\/comments?post=250892"}],"version-history":[{"count":0,"href":"https:\/\/staging.ivg.it\/ediapi\/wp\/v2\/posts\/250892\/revisions"}],"wp:attachment":[{"href":"https:\/\/staging.ivg.it\/ediapi\/wp\/v2\/media?parent=250892"}],"wp:term":[{"taxonomy":"category","embeddable":true,"href":"https:\/\/staging.ivg.it\/ediapi\/wp\/v2\/categories?post=250892"},{"taxonomy":"post_tag","embeddable":true,"href":"https:\/\/staging.ivg.it\/ediapi\/wp\/v2\/tags?post=250892"}],"curies":[{"name":"wp","href":"https:\/\/api.w.org\/{rel}","templated":true}]}}