{"id":250481,"date":"2013-10-01T16:19:38","date_gmt":"2013-10-01T14:19:38","guid":{"rendered":"http:\/\/www.ivg.it\/?p=250481"},"modified":"2013-10-01T18:19:51","modified_gmt":"2013-10-01T16:19:51","slug":"anche-savona-si-mobilita-in-difesa-della-costituzione","status":"publish","type":"post","link":"https:\/\/staging.ivg.it\/2013\/10\/anche-savona-si-mobilita-in-difesa-della-costituzione\/","title":{"rendered":"Anche Savona si mobilita in difesa della Costituzione"},"content":{"rendered":"<p>Savona. &#8220;Di fronte alle miserie, alle ambizioni personali e alle rivalit\u00e0 di gruppi spacciate per affari di Stato, invitiamo i cittadini a non farsi distrarre. Li invitiamo a interrogarsi sui grandi problemi della nostra societ\u00e0 e a riscoprire la politica e la sua bussola: la Costituzione&#8221;: questo l&#8217;appello per la difesa e l&#8217;applicazione della Costituzione firmato da Lorenza Carlassare, Don Luigi Ciotti, Maurizio Landini, Stefano Rodot\u00e0, Gustavo Zagrebelsky che porter\u00e0 alla manifestazione &#8220;Costituzione: la via maestra&#8221; il prossimo 12 ottobre.<\/p>\n<p>&#8220;La dignit\u00e0 delle persone, la giustizia sociale e la solidariet\u00e0 verso i deboli e gli emarginati, la legalit\u00e0 e l\u2019abolizione dei privilegi, l\u2019equit\u00e0 nella distribuzione dei pesi e dei sacrifici imposti dalla crisi economica, la speranza di libert\u00e0, lavoro e cultura per le giovani generazioni, la giustizia e la democrazia in Europa, la pace: questo sta nella Costituzione\u201d \u00e8 il contenuto dell&#8217;appello. <\/p>\n<p>Appello seguito dalla dichiarazione di chi, in provincia di Savona, ha gi\u00e0 aderito al progetto: &#8220;Anche dalla provincia di Savona ci impegniamo per la riuscita della manifestazione e pi\u00f9 in generale a sostenere il percorso de &#8220;La Via Maestra&#8221; per contribuire a realizzare uno spazio pubblico sociale democratico, aperto e inclusivo, che aiuti la convergenza delle tante energie, intelligenze ed esperienze che nel nostro paese difendono quotidianamente la democrazia, i diritti, il lavoro&#8221;.<\/p>\n<p>Tra le adesioni collettive, si registrano quelle di Arci, Comitato Acqua Bene Comune,<br \/>\nGruppo di Acquisto Popolare, Gruppo Volontari Emergency di Savona, Legambiente, Libreria Ubik Savona, Partito della Rifondazione Comunista, Sinistra Ecologia Libert\u00e0<br \/>\nSMS Cantagalletto.<\/p>\n","protected":false},"excerpt":{"rendered":"<p>Savona. &#8220;Di fronte alle miserie, alle ambizioni personali e alle rivalit\u00e0 di gruppi spacciate per affari di Stato, invitiamo i cittadini a non farsi distrarre. Li invitiamo a interrogarsi sui grandi problemi della nostra societ\u00e0 e a riscoprire la politica e la sua bussola: la Costituzione&#8221;: questo l&#8217;appello per la difesa e l&#8217;applicazione della Costituzione [&hellip;]<\/p>\n","protected":false},"author":13744,"featured_media":0,"comment_status":"open","ping_status":"closed","sticky":false,"template":"","format":"standard","meta":{"footnotes":""},"categories":[31],"tags":[6545,85850],"class_list":["post-250481","post","type-post","status-publish","format-standard","hentry","category-politica","tag-costituzione","tag-savona","post_cat_citta-savona"],"amp_validity":null,"amp_enabled":true,"_links":{"self":[{"href":"https:\/\/staging.ivg.it\/ediapi\/wp\/v2\/posts\/250481","targetHints":{"allow":["GET"]}}],"collection":[{"href":"https:\/\/staging.ivg.it\/ediapi\/wp\/v2\/posts"}],"about":[{"href":"https:\/\/staging.ivg.it\/ediapi\/wp\/v2\/types\/post"}],"author":[{"embeddable":true,"href":"https:\/\/staging.ivg.it\/ediapi\/wp\/v2\/users\/13744"}],"replies":[{"embeddable":true,"href":"https:\/\/staging.ivg.it\/ediapi\/wp\/v2\/comments?post=250481"}],"version-history":[{"count":0,"href":"https:\/\/staging.ivg.it\/ediapi\/wp\/v2\/posts\/250481\/revisions"}],"wp:attachment":[{"href":"https:\/\/staging.ivg.it\/ediapi\/wp\/v2\/media?parent=250481"}],"wp:term":[{"taxonomy":"category","embeddable":true,"href":"https:\/\/staging.ivg.it\/ediapi\/wp\/v2\/categories?post=250481"},{"taxonomy":"post_tag","embeddable":true,"href":"https:\/\/staging.ivg.it\/ediapi\/wp\/v2\/tags?post=250481"}],"curies":[{"name":"wp","href":"https:\/\/api.w.org\/{rel}","templated":true}]}}