{"id":250399,"date":"2013-09-30T12:47:11","date_gmt":"2013-09-30T10:47:11","guid":{"rendered":"http:\/\/www.ivg.it\/?p=250399"},"modified":"2013-09-30T16:24:05","modified_gmt":"2013-09-30T14:24:05","slug":"finale-sospese-le-ricerche-del-40enne-genovese-scomparso","status":"publish","type":"post","link":"https:\/\/staging.ivg.it\/2013\/09\/finale-sospese-le-ricerche-del-40enne-genovese-scomparso\/","title":{"rendered":"Finale, sospese le ricerche del 40enne genovese scomparso"},"content":{"rendered":"<p><strong>Finale L.<\/strong> Sono state sospese nella tarda serata di ieri le ricerche di un uomo 40enne di Genova, iniziali M.R., scomparso da gioved\u00ec scorso quando si \u00e8 allontanato da casa e da allora parenti e amici non hanno pi\u00f9 notizie di lui e temono per il peggio. In particolare sono stati alcuni messaggi inquietanti lasciati su Facebook a concentrare le ricerche del 40enne proprio a Calvisio, in localit\u00e0 di Rocca di Corna, nell&#8217;entroterra finalese, con l\u2019uomo che esprimeva intenti suicidi.<\/p>\n<p>L\u2019azione di ricerca, coordinata dal 118, ha visto impegnate squadre dei vigili del fuoco, soccorso alpino, personale sanitario e carabinieri. Dopo una vista perlustrazione dell\u2019area del 40enne nessuna traccia, risulta ancora disperso e prosegue l&#8217;indagine sulla scomparsa dell&#8217;uomo. Al vaglio le ultime ore prima dell&#8217;allontanamento e la vita privata del 40enne.<\/p>\n","protected":false},"excerpt":{"rendered":"<p>Finale L. Sono state sospese nella tarda serata di ieri le ricerche di un uomo 40enne di Genova, iniziali M.R., scomparso da gioved\u00ec scorso quando si \u00e8 allontanato da casa e da allora parenti e amici non hanno pi\u00f9 notizie di lui e temono per il peggio. In particolare sono stati alcuni messaggi inquietanti lasciati [&hellip;]<\/p>\n","protected":false},"author":4,"featured_media":0,"comment_status":"open","ping_status":"closed","sticky":false,"template":"","format":"standard","meta":{"footnotes":""},"categories":[34],"tags":[678,4836,228,3679,209,4530,5440,618],"class_list":["post-250399","post","type-post","status-publish","format-standard","hentry","category-cronaca","tag-678","tag-calvisio","tag-carabinieri","tag-disperso","tag-finale","tag-ricerche","tag-scomparso","tag-vigili-del-fuoco","post_cat_citta-andora","post_cat_citta-finale-ligure"],"amp_validity":null,"amp_enabled":true,"_links":{"self":[{"href":"https:\/\/staging.ivg.it\/ediapi\/wp\/v2\/posts\/250399","targetHints":{"allow":["GET"]}}],"collection":[{"href":"https:\/\/staging.ivg.it\/ediapi\/wp\/v2\/posts"}],"about":[{"href":"https:\/\/staging.ivg.it\/ediapi\/wp\/v2\/types\/post"}],"author":[{"embeddable":true,"href":"https:\/\/staging.ivg.it\/ediapi\/wp\/v2\/users\/4"}],"replies":[{"embeddable":true,"href":"https:\/\/staging.ivg.it\/ediapi\/wp\/v2\/comments?post=250399"}],"version-history":[{"count":0,"href":"https:\/\/staging.ivg.it\/ediapi\/wp\/v2\/posts\/250399\/revisions"}],"wp:attachment":[{"href":"https:\/\/staging.ivg.it\/ediapi\/wp\/v2\/media?parent=250399"}],"wp:term":[{"taxonomy":"category","embeddable":true,"href":"https:\/\/staging.ivg.it\/ediapi\/wp\/v2\/categories?post=250399"},{"taxonomy":"post_tag","embeddable":true,"href":"https:\/\/staging.ivg.it\/ediapi\/wp\/v2\/tags?post=250399"}],"curies":[{"name":"wp","href":"https:\/\/api.w.org\/{rel}","templated":true}]}}