{"id":250124,"date":"2013-09-25T08:18:18","date_gmt":"2013-09-25T06:18:18","guid":{"rendered":"http:\/\/www.ivg.it\/?p=250124"},"modified":"2013-09-25T18:40:29","modified_gmt":"2013-09-25T16:40:29","slug":"ritrovato-il-fungaiolo-disperso-sul-faiallo-qualche-acciacco-ma-sta-bene","status":"publish","type":"post","link":"https:\/\/staging.ivg.it\/2013\/09\/ritrovato-il-fungaiolo-disperso-sul-faiallo-qualche-acciacco-ma-sta-bene\/","title":{"rendered":"Ritrovato il fungaiolo disperso sul Faiallo: qualche &#8220;acciacco&#8221; ma sta bene"},"content":{"rendered":"<p><strong>Urbe<\/strong>. Dopo una notte di ricerche \u00e8 stato ritrovato l&#8217;anziano turista che si era disperso ieri pomeriggio sul Faiallo. L&#8217;uomo, che \u00e8 praticamente rimasto sempre in contatto con i soccorritori via telefonino, \u00e8 in buone condizioni di salute nonostante una piccola caduta e il conseguente dolore a una spalla.<\/p>\n<p>Nel recupero sono intervenuti gli operatori del Soccorso Alpino di Savona e di Genova, assieme ai vigili del fuoco, uomini della Forestale, carabinieri e personale della Croce Rossa.<\/p>\n<p>L\u2019uomo si era inoltrato ieri pomeriggio sulle alture di Urbe in cerca di funghi. Ha avvertito i soccorsi con il cellulare dopo essere caduto e aver perso l\u2019orientamento, poi le comunicazioni si sono prima interrotte e poi riprese. Le ricerche sono state complicate anche dal forte vento e dalla nebbia che hanno interessato tutta la zona nelle scorse ore.<\/p>\n<p>&#8220;Tutto \u00e8 iniziato ieri sera alle 20 circa quando l&#8217;uomo disperso dalla mattina nei boschi del Faiallo \u00e8 riuscito a comunicare la sua posizione &#8211; racconta il referente regionale dei soccorsi con mezzi e tecniche speciali (SMTS) della Croce Rossa Liguria -. A quel punto la squadra mista composta da uomini del Soccorso Alpino, dei vigili del fuoco e dall&#8217;SMTS della Croce Rossa, sono scesi nel punto dove si trovava il malcapitato, percorrendo 500 metri di tenendosi alle corde&#8221;.<\/p>\n<p>&#8220;Dopo due ore di percorso impervio &#8211; prosegue -, la squadra ha finalmente raggiunto l&#8217;uomo che presentava diversi traumi ed un principio di ipotermia. Una volta stabilizzato il malcapitato, la squadra ha vegliato l&#8217;uomo per tutta la notte ad una temperatura di 3 gradi sotto una pioggia insistente e avvolti da una fitta nebbia. Finalmente questa mattina alle 8 l&#8217;intervento dell&#8217;elicottero Drago dei vigili del fuoco che, dopo aver vericellato l&#8217;uomo, lo ha trasportato all&#8217;ospedale. La squadra di soccorritori \u00e8 risalita dopo un percorso di oltre 3 ore&#8221;.<\/p>\n","protected":false},"excerpt":{"rendered":"<p>Urbe. Dopo una notte di ricerche \u00e8 stato ritrovato l&#8217;anziano turista che si era disperso ieri pomeriggio sul Faiallo. L&#8217;uomo, che \u00e8 praticamente rimasto sempre in contatto con i soccorritori via telefonino, \u00e8 in buone condizioni di salute nonostante una piccola caduta e il conseguente dolore a una spalla. Nel recupero sono intervenuti gli operatori [&hellip;]<\/p>\n","protected":false},"author":13744,"featured_media":0,"comment_status":"open","ping_status":"closed","sticky":false,"template":"","format":"standard","meta":{"footnotes":""},"categories":[34],"tags":[3679,49176,5284,945,85955],"class_list":["post-250124","post","type-post","status-publish","format-standard","hentry","category-cronaca","tag-disperso","tag-faiallo","tag-fungaiolo","tag-soccorso-alpino","tag-urbe","post_cat_citta-urbe"],"amp_validity":null,"amp_enabled":true,"_links":{"self":[{"href":"https:\/\/staging.ivg.it\/ediapi\/wp\/v2\/posts\/250124","targetHints":{"allow":["GET"]}}],"collection":[{"href":"https:\/\/staging.ivg.it\/ediapi\/wp\/v2\/posts"}],"about":[{"href":"https:\/\/staging.ivg.it\/ediapi\/wp\/v2\/types\/post"}],"author":[{"embeddable":true,"href":"https:\/\/staging.ivg.it\/ediapi\/wp\/v2\/users\/13744"}],"replies":[{"embeddable":true,"href":"https:\/\/staging.ivg.it\/ediapi\/wp\/v2\/comments?post=250124"}],"version-history":[{"count":0,"href":"https:\/\/staging.ivg.it\/ediapi\/wp\/v2\/posts\/250124\/revisions"}],"wp:attachment":[{"href":"https:\/\/staging.ivg.it\/ediapi\/wp\/v2\/media?parent=250124"}],"wp:term":[{"taxonomy":"category","embeddable":true,"href":"https:\/\/staging.ivg.it\/ediapi\/wp\/v2\/categories?post=250124"},{"taxonomy":"post_tag","embeddable":true,"href":"https:\/\/staging.ivg.it\/ediapi\/wp\/v2\/tags?post=250124"}],"curies":[{"name":"wp","href":"https:\/\/api.w.org\/{rel}","templated":true}]}}