{"id":250082,"date":"2013-09-24T13:18:30","date_gmt":"2013-09-24T11:18:30","guid":{"rendered":"http:\/\/www.ivg.it\/?p=250082"},"modified":"2013-09-25T08:04:40","modified_gmt":"2013-09-25T06:04:40","slug":"alassio-al-movida-tornano-i-concerti-live-si-riparte-dalla-combriccola-del-blasco","status":"publish","type":"post","link":"https:\/\/staging.ivg.it\/2013\/09\/alassio-al-movida-tornano-i-concerti-live-si-riparte-dalla-combriccola-del-blasco\/","title":{"rendered":"Alassio, al Movida tornano i concerti live: si riparte dalla Combriccola del Blasco"},"content":{"rendered":"<p><strong>Alassio<\/strong>. Tornano gli appuntamenti musicali live al Modiva di Alassio. Dopo l&#8217;interruzione che aveva lasciato a bocca asciutta i fan a giugno, il locale rimette in moto il programma di eventi. Lo stesso proprietario Stefano Mannelli aveva sottolineato che a settembre sarebbero tornate le serate con i concerti. E infatti venerd\u00ec prossimo, 27 settembre, a calcare il palco ci sar\u00e0 la Combriccola del Blasco, la cover band di Vasco Rossi con Kikko Sauda, che la scorsa volta nella citt\u00e0 del Muretto aveva registrato il pienone. <\/p>\n<p>Con una decisione sofferta i titolari del Movida avevano stoppato i concerti live, in segno di rispetto al vicinato, insofferente ai volumi che giocoforza caratterizzano le esibizioni della band. Nonostante si trattasse di appuntamenti gettonatissimi. Ora tornano a stagione turistica conclusa. <\/p>\n<p>&#8220;Riprendiamo ufficialmente le serate live con una punta di diamante, la Combriccola del Blasco, che ritorna ad Alassio &#8211; spiega Mannelli &#8211; Il venerd\u00ec successivo invece sar\u00e0 la volta degli Essenza con il tributo ai Negramaro. A livello numerico abbiamo sempre avuto ottimi riscontri con i concerti. Il venerd\u00ec sar\u00e0 un appuntamento fisso, da quest&#8217;anno con la novit\u00e0 del dj set che accompagna le cene che precedono il live&#8221;. <\/p>\n<p>&#8220;Ci saranno presto altre novit\u00e0 &#8211; osserva Mannelli &#8211; Ad Alassio c&#8217;\u00e8 aria di rilancio. La gente non sta rintanata in casa. Si percepisce un nuovo dinamismo grazie all&#8217;attivit\u00e0 dell&#8217;assessore Simone Rossi, attento ad equilibrare le esigenze del divertimento con le altre giuste esigenze, e alle iniziative di realt\u00e0 come VivAlassio New Generation che hanno fatto molto per animare la citt\u00e0&#8221;. <\/p>\n","protected":false},"excerpt":{"rendered":"<p>Alassio. Tornano gli appuntamenti musicali live al Modiva di Alassio. Dopo l&#8217;interruzione che aveva lasciato a bocca asciutta i fan a giugno, il locale rimette in moto il programma di eventi. Lo stesso proprietario Stefano Mannelli aveva sottolineato che a settembre sarebbero tornate le serate con i concerti. E infatti venerd\u00ec prossimo, 27 settembre, a [&hellip;]<\/p>\n","protected":false},"author":13744,"featured_media":0,"comment_status":"open","ping_status":"closed","sticky":false,"template":"","format":"standard","meta":{"footnotes":""},"categories":[56],"tags":[85824,9967],"class_list":["post-250082","post","type-post","status-publish","format-standard","hentry","category-altre","tag-alassio","tag-movida","post_cat_citta-alassio"],"amp_validity":null,"amp_enabled":true,"_links":{"self":[{"href":"https:\/\/staging.ivg.it\/ediapi\/wp\/v2\/posts\/250082","targetHints":{"allow":["GET"]}}],"collection":[{"href":"https:\/\/staging.ivg.it\/ediapi\/wp\/v2\/posts"}],"about":[{"href":"https:\/\/staging.ivg.it\/ediapi\/wp\/v2\/types\/post"}],"author":[{"embeddable":true,"href":"https:\/\/staging.ivg.it\/ediapi\/wp\/v2\/users\/13744"}],"replies":[{"embeddable":true,"href":"https:\/\/staging.ivg.it\/ediapi\/wp\/v2\/comments?post=250082"}],"version-history":[{"count":0,"href":"https:\/\/staging.ivg.it\/ediapi\/wp\/v2\/posts\/250082\/revisions"}],"wp:attachment":[{"href":"https:\/\/staging.ivg.it\/ediapi\/wp\/v2\/media?parent=250082"}],"wp:term":[{"taxonomy":"category","embeddable":true,"href":"https:\/\/staging.ivg.it\/ediapi\/wp\/v2\/categories?post=250082"},{"taxonomy":"post_tag","embeddable":true,"href":"https:\/\/staging.ivg.it\/ediapi\/wp\/v2\/tags?post=250082"}],"curies":[{"name":"wp","href":"https:\/\/api.w.org\/{rel}","templated":true}]}}