{"id":249991,"date":"2013-09-22T18:08:49","date_gmt":"2013-09-22T16:08:49","guid":{"rendered":"http:\/\/www.ivg.it\/?p=249991"},"modified":"2013-09-23T13:16:05","modified_gmt":"2013-09-23T11:16:05","slug":"prima-divisione-giovanni-mattu-il-mister-vincente-abbiamo-fatto-una-grande-impresa-ora-torna-corda-il-valore-aggiunto-del-savona","status":"publish","type":"post","link":"https:\/\/staging.ivg.it\/2013\/09\/prima-divisione-giovanni-mattu-il-mister-vincente-abbiamo-fatto-una-grande-impresa-ora-torna-corda-il-valore-aggiunto-del-savona\/","title":{"rendered":"Mister Mattu, il mister vincente: &#8220;A Cremona il Savona ha fatto un&#8217;impresa. Ora torna Corda, il valore aggiunto del Savona&#8221;"},"content":{"rendered":"<p><strong>Cremona.<\/strong> Chi l&#8217;avrebbe mai detto? Sei punti in due partite dopo una partenza con zero vittorie. Nessuno, o meglio, solo i pi\u00f9 ottimistici dei tifosi.<\/p>\n<p>In realt\u00e0, tra il serio e il faceto, Giovanni Mattu in conferenza stampa era stato chiaro: &#8220;Andiamo l\u00ec per giocarcela&#8221;.<\/p>\n<p>E il Savona se l&#8217;\u00e8 giocata alla grande vincendo una partita contro la favorita per la vittoria finale del torneo. &#8220;Finalmente torna il mister dalla prossima &#8211; esordisce Mattu che poi torna sulla partita: &#8220;Una grande impresa contro una squadra fortissima e costruita per vincere. Siamo stati veramente bravi&#8221;.<\/p>\n<p>Una vittoria che segue la vittoria casalinga contro la Pro Patria e consente a Mattu di riconsegnare la panchina al legittimo proprietario con sei punti in due partite: &#8220;No, no il mister Corda non rischia &#8211; dice scherzando &#8211; Ninni \u00e8 il valore aggiunto del Savona&#8221;.<\/p>\n<p>Un Savona che non ha sbagliato una mossa: &#8220;Cattaneo ha confermato di essere in gran forma e ha fatto un gran gol &#8211; dice il vice allenatore &#8211; Ma tutti hanno fatto il proprio dovere. Ora chiudiamo il primo step di campionato con un bilancio molto positivo&#8221;.<\/p>\n<p>L&#8217;unico rischio \u00e8 che dal clima da funerale si passi all&#8217;euforia che Mattu, in perfetto stile Corda, spegne sul nascere: &#8220;Il nostro obiettivo \u00e8 non arrivare ultimi &#8211; conclude Mattu che stuzzicato sul tema commenta cos\u00ec il gol di Brighenti &#8211; L&#8217;abbiamo cercato e ha provato a rovinarci la festa ma non c&#8217;\u00e8 riuscito&#8221;.<\/p>\n","protected":false},"excerpt":{"rendered":"<p>Cremona. Chi l&#8217;avrebbe mai detto? Sei punti in due partite dopo una partenza con zero vittorie. Nessuno, o meglio, solo i pi\u00f9 ottimistici dei tifosi. In realt\u00e0, tra il serio e il faceto, Giovanni Mattu in conferenza stampa era stato chiaro: &#8220;Andiamo l\u00ec per giocarcela&#8221;. E il Savona se l&#8217;\u00e8 giocata alla grande vincendo una [&hellip;]<\/p>\n","protected":false},"author":8847,"featured_media":0,"comment_status":"open","ping_status":"closed","sticky":false,"template":"","format":"standard","meta":{"footnotes":""},"categories":[1578,32],"tags":[48997,24481,11065,85850],"class_list":["post-249991","post","type-post","status-publish","format-standard","hentry","category-savona-calcio","category-sport","tag-giovanni-mattu","tag-lega-pro","tag-prima-divisione","tag-savona","post_cat_citta-savona"],"amp_validity":null,"amp_enabled":true,"_links":{"self":[{"href":"https:\/\/staging.ivg.it\/ediapi\/wp\/v2\/posts\/249991","targetHints":{"allow":["GET"]}}],"collection":[{"href":"https:\/\/staging.ivg.it\/ediapi\/wp\/v2\/posts"}],"about":[{"href":"https:\/\/staging.ivg.it\/ediapi\/wp\/v2\/types\/post"}],"author":[{"embeddable":true,"href":"https:\/\/staging.ivg.it\/ediapi\/wp\/v2\/users\/8847"}],"replies":[{"embeddable":true,"href":"https:\/\/staging.ivg.it\/ediapi\/wp\/v2\/comments?post=249991"}],"version-history":[{"count":0,"href":"https:\/\/staging.ivg.it\/ediapi\/wp\/v2\/posts\/249991\/revisions"}],"wp:attachment":[{"href":"https:\/\/staging.ivg.it\/ediapi\/wp\/v2\/media?parent=249991"}],"wp:term":[{"taxonomy":"category","embeddable":true,"href":"https:\/\/staging.ivg.it\/ediapi\/wp\/v2\/categories?post=249991"},{"taxonomy":"post_tag","embeddable":true,"href":"https:\/\/staging.ivg.it\/ediapi\/wp\/v2\/tags?post=249991"}],"curies":[{"name":"wp","href":"https:\/\/api.w.org\/{rel}","templated":true}]}}