{"id":249814,"date":"2013-09-19T16:19:12","date_gmt":"2013-09-19T14:19:12","guid":{"rendered":"http:\/\/www.ivg.it\/?p=249814"},"modified":"2013-09-20T12:31:14","modified_gmt":"2013-09-20T10:31:14","slug":"tribunale-ingauno-e-santagostino-di-savona-burlando-incontra-il-ministro-e-spinge-per-il-nuovo-carcere-a-cairo","status":"publish","type":"post","link":"https:\/\/staging.ivg.it\/2013\/09\/tribunale-ingauno-e-santagostino-di-savona-burlando-incontra-il-ministro-e-spinge-per-il-nuovo-carcere-a-cairo\/","title":{"rendered":"Tribunale ingauno e Sant&#8217;Agostino di Savona, Burlando incontra il ministro e &#8220;spinge&#8221; per il nuovo carcere a Cairo"},"content":{"rendered":"<p><strong>Savona.<\/strong> Carcere di Savona e tribunale di Albenga: questi i due temi al centro della chiacchierata intercorsa ieri tra il ministro della Giustizia Anna Maria Cancellieri e il presidente della Regione Liguria Claudio Burlando. In particolare, per ci\u00f2 che concerne il Sant&#8217;Agostino, sembra prendere sempre pi\u00f9 corpo l&#8217;idea di una &#8220;soluzione cairese&#8221;.<\/p>\n<p>&#8220;Ho parlato con il ministro Cancellieri del carcere di Savona, che versa in una situazione intollerabile &#8211; ha esordito Burlando &#8211; Oggi ho detto ai miei assessori di prendere contatti con Savona e con Comuni disponibili a ospitare un&#8217;alternativa, e mi riferisco in particolare a Cairo Montenotte, perch\u00e9 il quadro \u00e8 grave sia dal punto di vista della qualit\u00e0 della vita sia del numero di carcerati, eccessivo rispetto a quanti la struttura potrebbe contenere. Lavoriamoci&#8221;.<\/p>\n<p>&#8220;Ho contattato gli assessori Cascino e Rambaudi, quindi Urbanistica e Sociale, per cercare contatti e arrivare a una soluzione. Le condizioni di vita nel carcere savonese sono inumane. Il ministro mi ha incoraggiato ad avviare una soluzione in questo senso&#8221; dice il governatore ligure. <\/p>\n<p>A dare un&#8217;accelerata verso al soluzione cairese, \u00e8 il fatto che entro fine settembre i tecnici preposti andranno a visitare la scuola di polizia penitenziaria di Cairo, dove dovrebbe trovare sede il nuovo carcere, per verificare la fattibilit\u00e0 del progetto. In quell&#8217;occasione si vedr\u00e0 anche se l&#8217;esistenza di una casa circondariale vera e propria sar\u00e0 compatibile con la permanenza in loco della stessa scuola.<\/p>\n<p>Ma ad occupare i pensieri di Burlando e del minsitro \u00e8 stata anche la questione del tribunale ingauno. &#8220;Ho parlato a lungo con il ministro Cancellieri, anche sollecitato dalla vicenda del tribunale di Albenga che costituisce un accordo ulteriore perch\u00e9 Albenga ora vorrebbe fare come Sanremo e Chiavari cio\u00e8 avere uno smaltimento delle pratiche amministrative. Il ministro ha detto che dar\u00e0 vita a una commissione che lavorer\u00e0 per qualche mese e potr\u00e0 ricevere i vari input, e se alcuni di questi saranno ritenuti giusti, c&#8217;\u00e8 ancora uno spazio di tempo limitato in cui la riforma pu\u00f2 subire aggiustamenti&#8221; conclude Burlando.   <\/p>\n","protected":false},"excerpt":{"rendered":"<p>Savona. Carcere di Savona e tribunale di Albenga: questi i due temi al centro della chiacchierata intercorsa ieri tra il ministro della Giustizia Anna Maria Cancellieri e il presidente della Regione Liguria Claudio Burlando. In particolare, per ci\u00f2 che concerne il Sant&#8217;Agostino, sembra prendere sempre pi\u00f9 corpo l&#8217;idea di una &#8220;soluzione cairese&#8221;. &#8220;Ho parlato con [&hellip;]<\/p>\n","protected":false},"author":13744,"featured_media":0,"comment_status":"open","ping_status":"closed","sticky":false,"template":"","format":"standard","meta":{"footnotes":""},"categories":[34,31],"tags":[85841,40591,151,2394,284,85850,21842],"class_list":["post-249814","post","type-post","status-publish","format-standard","hentry","category-cronaca","category-politica","tag-albenga","tag-anna-maria-cancellieri","tag-cairo","tag-carcere","tag-claudio-burlando","tag-savona","tag-tribunale-albenga","post_cat_citta-albenga","post_cat_citta-cairo-montenotte","post_cat_citta-savona"],"amp_validity":null,"amp_enabled":true,"_links":{"self":[{"href":"https:\/\/staging.ivg.it\/ediapi\/wp\/v2\/posts\/249814","targetHints":{"allow":["GET"]}}],"collection":[{"href":"https:\/\/staging.ivg.it\/ediapi\/wp\/v2\/posts"}],"about":[{"href":"https:\/\/staging.ivg.it\/ediapi\/wp\/v2\/types\/post"}],"author":[{"embeddable":true,"href":"https:\/\/staging.ivg.it\/ediapi\/wp\/v2\/users\/13744"}],"replies":[{"embeddable":true,"href":"https:\/\/staging.ivg.it\/ediapi\/wp\/v2\/comments?post=249814"}],"version-history":[{"count":0,"href":"https:\/\/staging.ivg.it\/ediapi\/wp\/v2\/posts\/249814\/revisions"}],"wp:attachment":[{"href":"https:\/\/staging.ivg.it\/ediapi\/wp\/v2\/media?parent=249814"}],"wp:term":[{"taxonomy":"category","embeddable":true,"href":"https:\/\/staging.ivg.it\/ediapi\/wp\/v2\/categories?post=249814"},{"taxonomy":"post_tag","embeddable":true,"href":"https:\/\/staging.ivg.it\/ediapi\/wp\/v2\/tags?post=249814"}],"curies":[{"name":"wp","href":"https:\/\/api.w.org\/{rel}","templated":true}]}}