{"id":249809,"date":"2013-09-19T15:30:58","date_gmt":"2013-09-19T13:30:58","guid":{"rendered":"http:\/\/www.ivg.it\/?p=249809"},"modified":"2013-09-20T11:31:54","modified_gmt":"2013-09-20T09:31:54","slug":"tirreno-power-continua-il-lavoro-della-procura-sulla-perizia-del-pool-di-esperti-linchiesta-verso-una-svolta","status":"publish","type":"post","link":"https:\/\/staging.ivg.it\/2013\/09\/tirreno-power-continua-il-lavoro-della-procura-sulla-perizia-del-pool-di-esperti-linchiesta-verso-una-svolta\/","title":{"rendered":"Tirreno Power, continua il lavoro della Procura sulla perizia del pool di esperti: l&#8217;inchiesta verso una svolta"},"content":{"rendered":"<p><strong>Vado L.<\/strong> Nuovi ed importanti sviluppi. Sono quelli che non dovrebbero tardare ad arrivare nell&#8217;ambito dell&#8217;inchiesta della Procura di Savona su Tirreno Power. Il filone di indagine che ruota intorno al reato di omicidio colposo sarebbe infatti arrivata ad un punto cruciale. Analizzando i dati contenuti nella perizia depositata a giugno scorso dal pool di consulenti di parte, il procuratore Francantonio Granero e il sostituto Chiara Maria Paolucci sarebbero arrivati ad importanti conclusioni.<\/p>\n<p>Secondo indiscrezioni sarebbe anche immininente l&#8217;iscrizione dei primi nomi sul registro degli indagati (fino ad oggi l&#8217;inchiesta per omicidio colposo \u00e8 sempre rimasta aperta a carico di ignoti). Alla luce delle conclusioni dei periti, il cui lavoro di analisi era mirato a verificare la presenza di un nesso di causalit\u00e0 tra le emissioni della centrale e l&#8217;elevato tasso di mortalit\u00e0 rilevato nella zona di Vado, i magistrati savonesi hanno potuto probabilmente prendere in esame le singole condotte e valutare eventuali responsabilit\u00e0.<\/p>\n<p>Se effettivamente, secondo la Procura, nella gestione della centrale si rilevano delle condotte che, per omissioni, negligenza o altre ragioni, non hanno impedito o hanno provocato l&#8217;aumento di malattie oncologiche e del tasso di mortalit\u00e0 nell&#8217;area di Vado e Quiliano, allora l&#8217;indagine non sar\u00e0 pi\u00f9 contro ignoti.<\/p>\n<p>Sull&#8217;argomento dal sesto piano di palazzo di Giustizia nulla trapela: le uniche parole sono state un secco &#8220;no comment&#8221;. Poche le dichiarazioni diffuse invece dall&#8217;azienda dopo le notizie pubblicate oggi su alcuni media &#8211; che hanno parlato di 1000 morti di cancro provocate dalle emissioni della centrale, ndr -: &#8220;Quanto emerso da alcuni media locali non \u00e8 coerente con i dati ambientali disponibili, che sono numerosi e pubblici, ed evidenziano una buona qualit\u00e0 dell&#8217;aria complessiva del territorio savonese che pongono la provincia di Savona tra le migliori in Italia. Tirreno Power svolge la propria attivit\u00e0 produttiva nel rispetto delle normative secondo quanto previsto in termini di tutela dell&#8217;ambiente&#8221;.<\/p>\n<p>Per quanto riguarda invece l&#8217;altro filone d&#8217;inchiesta su Tirreno Power, quello che riguarda eventuali ipotesi di inquinamento ambientale di aria e acqua, \u00e8 stata appena depositata una nuova perizia relativa alla qualit\u00e0 dell&#8217;aria. La prossima mossa su questo fronte, che \u00e8 seguito dal pm Danilo Ceccarelli, dovrebbe essere il deposito di una seconda perizia su dati ambientali.<\/p>\n","protected":false},"excerpt":{"rendered":"<p>Vado L. Nuovi ed importanti sviluppi. Sono quelli che non dovrebbero tardare ad arrivare nell&#8217;ambito dell&#8217;inchiesta della Procura di Savona su Tirreno Power. Il filone di indagine che ruota intorno al reato di omicidio colposo sarebbe infatti arrivata ad un punto cruciale. Analizzando i dati contenuti nella perizia depositata a giugno scorso dal pool di [&hellip;]<\/p>\n","protected":false},"author":13744,"featured_media":0,"comment_status":"open","ping_status":"closed","sticky":false,"template":"","format":"standard","meta":{"footnotes":""},"categories":[34],"tags":[49105,49104,24123,11838,24615,85850,261],"class_list":["post-249809","post","type-post","status-publish","format-standard","hentry","category-cronaca","tag-centrale-vado","tag-inchiesta-tirreno-power","tag-inquinamento-ambientale","tag-omicidio-colposo","tag-procura-savona","tag-savona","tag-vado","post_cat_citta-vado-ligure"],"amp_validity":null,"amp_enabled":true,"_links":{"self":[{"href":"https:\/\/staging.ivg.it\/ediapi\/wp\/v2\/posts\/249809","targetHints":{"allow":["GET"]}}],"collection":[{"href":"https:\/\/staging.ivg.it\/ediapi\/wp\/v2\/posts"}],"about":[{"href":"https:\/\/staging.ivg.it\/ediapi\/wp\/v2\/types\/post"}],"author":[{"embeddable":true,"href":"https:\/\/staging.ivg.it\/ediapi\/wp\/v2\/users\/13744"}],"replies":[{"embeddable":true,"href":"https:\/\/staging.ivg.it\/ediapi\/wp\/v2\/comments?post=249809"}],"version-history":[{"count":0,"href":"https:\/\/staging.ivg.it\/ediapi\/wp\/v2\/posts\/249809\/revisions"}],"wp:attachment":[{"href":"https:\/\/staging.ivg.it\/ediapi\/wp\/v2\/media?parent=249809"}],"wp:term":[{"taxonomy":"category","embeddable":true,"href":"https:\/\/staging.ivg.it\/ediapi\/wp\/v2\/categories?post=249809"},{"taxonomy":"post_tag","embeddable":true,"href":"https:\/\/staging.ivg.it\/ediapi\/wp\/v2\/tags?post=249809"}],"curies":[{"name":"wp","href":"https:\/\/api.w.org\/{rel}","templated":true}]}}