{"id":249808,"date":"2013-09-19T15:01:41","date_gmt":"2013-09-19T13:01:41","guid":{"rendered":"http:\/\/www.ivg.it\/?p=249808"},"modified":"2013-09-20T11:30:11","modified_gmt":"2013-09-20T09:30:11","slug":"bombardier-trenitalia-ordinera-26-locomotori-vesco-bene-ma-azienda-faccia-la-sua-parte","status":"publish","type":"post","link":"https:\/\/staging.ivg.it\/2013\/09\/bombardier-trenitalia-ordinera-26-locomotori-vesco-bene-ma-azienda-faccia-la-sua-parte\/","title":{"rendered":"Bombardier, Trenitalia ordiner\u00e0 27 locomotori. Vesco: &#8220;Bene ma azienda faccia la sua parte&#8221;"},"content":{"rendered":"<p><strong>Vado L. <\/strong>Si intravede qualche spiraglio di luce relativamente alla situazione di Bombardier che, dopo l&#8217;accordo sulla cassa integrazione straordinaria per 195 lavoratori, pensa agli investimenti futuri.<\/p>\n<p>&#8220;Ho avuto un incontro ieri a Roma con Trenitalia &#8211; annuncia l&#8217;assessore regionale Enrico Vesco &#8211; Sono andato a sollecitare per la definizione di un impegno di cui si parla da tempo ma che non si \u00e8 ancora concretizzato, cio\u00e8 l&#8217;estensione della commessa in essere e la fornitura di ulteriori 27 locomotive 464. L&#8217;accordo nasce dall&#8217;esigenza di tre regioni italiane, Veneto, Lazio e Liguria, che, non potendo disporre di convogli elettrotreno e doppio piano, hanno optato per avere le composizioni trainate dalla 464, perch\u00e9 quella gara non \u00e8 stata assegnata e quindi il materiale non \u00e8 pi\u00f9 disponibile&#8221;.<\/p>\n<p>&#8220;Le stiamo aspettando noi come le altre regioni, non \u00e8 pi\u00f9 rimandabile, quindi sono andato a sollecitare la certezza dei tempi dell&#8217;assegnazione e della consegna &#8211; continua Vesco &#8211; Ho avuto assicurazioni che nel prossimo consiglio di amministrazione che Trenitalia far\u00e0 ai primi di ottobre questa pratica verr\u00e0 esaminata e definita, quindi l&#8217;aspettativa di lavoratori e sindacati possa essere confermata e portare, seppur in numeri molto limitati rispetto al passato, un carico di lavoro in pi\u00f9 a Bombardier che ne ha assolutamente bisogno&#8221;.<\/p>\n<p>Una boccata d&#8217;ossigeno, insomma, anche se il futuro dell&#8217;azienda non dovrebbe dipendere solo dalle locomotive 464.<\/p>\n<p>&#8220;Vorrei che l&#8217;azienda apprezzasse lo sforzo delle istituzioni, la Regione in primis, quindi valorizzasse al massimo il sito che ha enormi capacit\u00e0 produttive e delle maestranze molto professionalizzate e quindi le ricompensasse con altre soluzioni &#8211; conclude l&#8217;assessore regionale &#8211; Mi pare che lo sforzo che avevamo richiesto per quanto riguarda i carrelli sia stato accolto solo in parte perch\u00e9 verr\u00e0 portata avanti solo una piccola produzione. Oggi la richiesta rimane quella di arrivare in quella realt\u00e0 a produrre un elettrotreno, quindi che sia omologato in Italia. E&#8217; una richiesta che anche i sindacati stanno facendo da tempo ma che oggi non ha ancora avuto risposte&#8221;.<\/p>\n","protected":false},"excerpt":{"rendered":"<p>Vado L. Si intravede qualche spiraglio di luce relativamente alla situazione di Bombardier che, dopo l&#8217;accordo sulla cassa integrazione straordinaria per 195 lavoratori, pensa agli investimenti futuri. &#8220;Ho avuto un incontro ieri a Roma con Trenitalia &#8211; annuncia l&#8217;assessore regionale Enrico Vesco &#8211; Sono andato a sollecitare per la definizione di un impegno di cui [&hellip;]<\/p>\n","protected":false},"author":13744,"featured_media":0,"comment_status":"open","ping_status":"closed","sticky":false,"template":"","format":"standard","meta":{"footnotes":""},"categories":[35],"tags":[4078,907,261],"class_list":["post-249808","post","type-post","status-publish","format-standard","hentry","category-economia","tag-bombardier","tag-enrico-vesco","tag-vado","post_cat_citta-vado-ligure"],"amp_validity":null,"amp_enabled":true,"_links":{"self":[{"href":"https:\/\/staging.ivg.it\/ediapi\/wp\/v2\/posts\/249808","targetHints":{"allow":["GET"]}}],"collection":[{"href":"https:\/\/staging.ivg.it\/ediapi\/wp\/v2\/posts"}],"about":[{"href":"https:\/\/staging.ivg.it\/ediapi\/wp\/v2\/types\/post"}],"author":[{"embeddable":true,"href":"https:\/\/staging.ivg.it\/ediapi\/wp\/v2\/users\/13744"}],"replies":[{"embeddable":true,"href":"https:\/\/staging.ivg.it\/ediapi\/wp\/v2\/comments?post=249808"}],"version-history":[{"count":0,"href":"https:\/\/staging.ivg.it\/ediapi\/wp\/v2\/posts\/249808\/revisions"}],"wp:attachment":[{"href":"https:\/\/staging.ivg.it\/ediapi\/wp\/v2\/media?parent=249808"}],"wp:term":[{"taxonomy":"category","embeddable":true,"href":"https:\/\/staging.ivg.it\/ediapi\/wp\/v2\/categories?post=249808"},{"taxonomy":"post_tag","embeddable":true,"href":"https:\/\/staging.ivg.it\/ediapi\/wp\/v2\/tags?post=249808"}],"curies":[{"name":"wp","href":"https:\/\/api.w.org\/{rel}","templated":true}]}}