{"id":249689,"date":"2013-09-18T08:40:58","date_gmt":"2013-09-18T06:40:58","guid":{"rendered":"http:\/\/www.ivg.it\/?p=249689"},"modified":"2013-09-18T19:35:34","modified_gmt":"2013-09-18T17:35:34","slug":"ammortizzatori-in-deroga-la-liguria-aspetta-la-sua-quota-vesco-a-roma-per-riparto-delle-risorse","status":"publish","type":"post","link":"https:\/\/staging.ivg.it\/2013\/09\/ammortizzatori-in-deroga-la-liguria-aspetta-la-sua-quota-vesco-a-roma-per-riparto-delle-risorse\/","title":{"rendered":"Ammortizzatori in deroga, la Liguria aspetta la sua quota: Vesco a Roma per riparto delle risorse"},"content":{"rendered":"<p><strong>Liguria<\/strong>. Si terr\u00e0 questa mattina la riunione della Commissione Istruzione Lavoro, nell\u2019ambito della conferenza delle Regioni, per il riparto delle risorse degli ammortizzatori in deroga. Presente anche l&#8217;assessore al Lavoro della Regione Liguria, Enrico Vesco.<\/p>\n<p>In totale 500 milioni a livello nazionale che dovranno essere suddivisi tra le singole regioni, tenendo conto che in Liguria la spesa mensile per gli ammortizzatori in deroga, nel 2012 e nel 2013, \u00e8 molto aumentata attestandosi sui 7 milioni di euro. In particolare nel 2012 la spesa per la mobilit\u00e0 e la cassa integrazione in deroga \u00e8 aumentata, rispetto al 2011, del 126% rispetto ad un aumento medio nazionale del 118%. Nell\u2019ultimo riparto delle risorse effettuato a giugno, la Liguria ha pesato per il 2,8%, contro una spesa per gli ammortizzatori in deroga nel 2013 pari al 3% del totale delle risorse.<\/p>\n<p>Intanto, i sindacati hanno ribadito pi\u00f9 volte che la questione degli ammortizzatori in deroga per i sindacati deve diventare una priorit\u00e0 e chi governa il Paese se ne deve fare rapidamente carico.<\/p>\n<p>Cgil, Cisl e Uil regionali ritengono sia necessario mettere in atto tutte le azioni utili allo scopo di ottenere risposte adeguate alla vera e propria emergenza sociale che si sta determinando e per non cancellare di fatto gli ammortizzatori in deroga.<\/p>\n","protected":false},"excerpt":{"rendered":"<p>Liguria. Si terr\u00e0 questa mattina la riunione della Commissione Istruzione Lavoro, nell\u2019ambito della conferenza delle Regioni, per il riparto delle risorse degli ammortizzatori in deroga. Presente anche l&#8217;assessore al Lavoro della Regione Liguria, Enrico Vesco. In totale 500 milioni a livello nazionale che dovranno essere suddivisi tra le singole regioni, tenendo conto che in Liguria [&hellip;]<\/p>\n","protected":false},"author":13744,"featured_media":0,"comment_status":"open","ping_status":"closed","sticky":false,"template":"","format":"standard","meta":{"footnotes":""},"categories":[35],"tags":[14596,1526,907,393],"class_list":["post-249689","post","type-post","status-publish","format-standard","hentry","category-economia","tag-ammortizzatori-sociali","tag-cassa-integrazione","tag-enrico-vesco","tag-liguria","post_cat_citta-andora"],"amp_validity":null,"amp_enabled":true,"_links":{"self":[{"href":"https:\/\/staging.ivg.it\/ediapi\/wp\/v2\/posts\/249689","targetHints":{"allow":["GET"]}}],"collection":[{"href":"https:\/\/staging.ivg.it\/ediapi\/wp\/v2\/posts"}],"about":[{"href":"https:\/\/staging.ivg.it\/ediapi\/wp\/v2\/types\/post"}],"author":[{"embeddable":true,"href":"https:\/\/staging.ivg.it\/ediapi\/wp\/v2\/users\/13744"}],"replies":[{"embeddable":true,"href":"https:\/\/staging.ivg.it\/ediapi\/wp\/v2\/comments?post=249689"}],"version-history":[{"count":0,"href":"https:\/\/staging.ivg.it\/ediapi\/wp\/v2\/posts\/249689\/revisions"}],"wp:attachment":[{"href":"https:\/\/staging.ivg.it\/ediapi\/wp\/v2\/media?parent=249689"}],"wp:term":[{"taxonomy":"category","embeddable":true,"href":"https:\/\/staging.ivg.it\/ediapi\/wp\/v2\/categories?post=249689"},{"taxonomy":"post_tag","embeddable":true,"href":"https:\/\/staging.ivg.it\/ediapi\/wp\/v2\/tags?post=249689"}],"curies":[{"name":"wp","href":"https:\/\/api.w.org\/{rel}","templated":true}]}}