{"id":249591,"date":"2013-09-16T08:30:05","date_gmt":"2013-09-16T06:30:05","guid":{"rendered":"http:\/\/www.ivg.it\/?p=249591"},"modified":"2013-09-16T14:55:08","modified_gmt":"2013-09-16T12:55:08","slug":"premio-albingaunum-a-giorgio-faletti","status":"publish","type":"post","link":"https:\/\/staging.ivg.it\/2013\/09\/premio-albingaunum-a-giorgio-faletti\/","title":{"rendered":"Premio &#8220;Albingaunum&#8221; a Giorgio Faletti"},"content":{"rendered":"<p><strong>Albenga<\/strong>. La giuria del premio &#8220;Albingaunum -Romano Strizioli 2013&#8221;, formata da Mirella Serri, Stefano Pezzini, Gianni Ballabio, Maria Vittoria Barroero, Alessandra Zunino Segre,   si \u00e8 riunita sono la presidenza del professor Pier Franco Quaglieni al Chateau Relais &#8220;La meridiana&#8221; per deliberare i vincitori dopo lo scrutinio delle schede votate in 28 seggi in Albenga e nel circondario nei mesi di luglio e agosto. <\/p>\n<p>Ha presieduto alle operazioni di spoglio il notaio Luciano Basso che ha redatto regolare verbale dal quale risultatano 5171 schede valide, 86 schede bianche, 55 schede nulle. Il seggio che ha registrato maggiore affluenza \u00e8 quello dello storico Bar dello Sport di Cisano.<\/p>\n<p>I primi tre classificati attraverso il voto di Albenganesi e turisti sono, nell&#8217;ordine, gli scrittori Giorgio Faletti, Mauro Corona, Serena Dandini. La giuria tecnica ha deliberato con voto unanime di rispettare rigorosamente il voto della giuria dei lettori, conferendo il premio &#8220;Albingaunum 2013&#8221; allo scrittore Giorgio Faletti primo classificato con 880 voti.<\/p>\n<p>Il premio allo scrittore esordiente \u00e8 stato conferito con voto unanime dalla Giuria tecnica, dopo un attento esame di tutte le proposte pervenute, al giornalista Maurizio Assalto per il suo primo libro di narrativa uscito nel 2013 dal titolo &#8220;Se verr\u00e0 domani&#8221;, Cairo editore.<\/p>\n<p>Il Premio &#8220;Ingauno dell&#8217;anno&#8221; 2013 \u00e8 stato conferito, sulla base delle proposte pervenute, alla giornalista e saggista albenganese Margherita Enrico, autrice di libri di divulgazione scientifica di successo; il suo volume &#8220;La scienza della giovinezza&#8221; ha la prefazione del Premio Nobel per la medicina  Luc Montagnier, scopritore del virus HIV. La giuria, in via preliminare, aveva deliberato all&#8217;unanimit\u00e0 di conferire  il Premio di quest&#8217;anno ad una donna.<\/p>\n<p>Dichiara il sindaco di Albenga riferendosi al Premio: &#8220;La grande risposta di pubblico ottenuta quest&#8217;anno dall&#8217;iniziativa del DLF di Albenga \u00e8 per noi motivo di soddisfazione e conferma quanto il premio letterario &#8216;Albinganum&#8217; stia crescendo e migliorando traformandosi in un appuntamento irrinunciabile per la citt\u00e0 di Albenga. Come lo scorso anno, saremo lieti e orgogliosi di poter ospitare sotto le torri un apprezzato scrittore di fama nazionale ed internazionale, del quale, peraltro, io stessa sono da tempo appassionata lettrice e mi far\u00e0 piacere conoscere di persona il giornalista Maurizio Assalto autore del libro esordiente&#8221;.<\/p>\n<p>Aggiunge il professor Quaglieni: &#8220;Il nostro \u00e8 un premio popolare radicato nella citt\u00e0 ed amato dai turisti. Abbiamo voluto rispettare fino all&#8217;ultimo voto la preferenza espressa dagli elettori. Faletti, sottovalutato da una parte della critica, \u00e8 uno degli autori italiani pi\u00f9 letti ed amati in Italia e all&#8217;estero. I suoi libri sono tradotti in molte lingue. Mi piace ricordare di lui anche il rapporto con l&#8217;Albenganese pi\u00f9 illustre: Antonio Ricci&#8221;.<\/p>\n<p>&#8220;&#8216;Ho sempre sostituito la paura di non farcela pi\u00f9 &#8211; ha scritto Faletti &#8211; con la speranza di farcela di nuovo&#8217;: mi sembra una frase di ottimo augurio anche per il nostro Paese che vive una momento molto difficile in cui molti, soprattutto i giovani, non hanno pi\u00f9 speranza nel futuro &#8211; continua Quaglieni &#8211; Assalto \u00e8 un giornalista culturale di talento che ha esordito come narratore riscuotendo successo di critica e di pubblico. La dottoressa Enrico \u00e8 figura nota in Italia e all&#8217;estero che contribuisce a far conoscere ed apprezzare la citt\u00e0 in cui \u00e8 nata e vive: \u00e8 uno dei vanti di Albenga&#8221;.<\/p>\n<p>Conclude l&#8217;ideatrice del premio e presidente dell&#8217;DLF dottoressa Maria Vittoria Barroero: &#8220;Sono contenta dei risultati raggiunti dal premio anche quest&#8217;anno, ma ogni suggerimento sar\u00e0 prezioso per migliorare nella prossima edizione. Io ringrazio gli oltre 5mila elettori, pi\u00f9 di mille rispetto all&#8217;edizione precedente, che hanno dedicato la loro attenzione al premio e ai quindici scrittori scelti dalla giuria tecnica. Ringrazio gli sponsor che hanno consentito la sua realizzazione e la giuria tecnica che ha svolto un lavoro impegnativo a titolo assolutamente gratuito&#8221;. La cerimonia di consegna sar\u00e0 domenica 29 settembre alle ore 21 al Teatro Ambra di Albenga alla presenza delle maggiori autorit\u00e0. <\/p>\n","protected":false},"excerpt":{"rendered":"<p>Albenga. La giuria del premio &#8220;Albingaunum -Romano Strizioli 2013&#8221;, formata da Mirella Serri, Stefano Pezzini, Gianni Ballabio, Maria Vittoria Barroero, Alessandra Zunino Segre, si \u00e8 riunita sono la presidenza del professor Pier Franco Quaglieni al Chateau Relais &#8220;La meridiana&#8221; per deliberare i vincitori dopo lo scrutinio delle schede votate in 28 seggi in Albenga e [&hellip;]<\/p>\n","protected":false},"author":13744,"featured_media":0,"comment_status":"open","ping_status":"closed","sticky":false,"template":"","format":"standard","meta":{"footnotes":""},"categories":[56],"tags":[85841,28878,2292,35475],"class_list":["post-249591","post","type-post","status-publish","format-standard","hentry","category-altre","tag-albenga","tag-giorgio-faletti","tag-pier-franco-quaglieni","tag-premio-albingaunum","post_cat_citta-albenga"],"amp_validity":null,"amp_enabled":true,"_links":{"self":[{"href":"https:\/\/staging.ivg.it\/ediapi\/wp\/v2\/posts\/249591","targetHints":{"allow":["GET"]}}],"collection":[{"href":"https:\/\/staging.ivg.it\/ediapi\/wp\/v2\/posts"}],"about":[{"href":"https:\/\/staging.ivg.it\/ediapi\/wp\/v2\/types\/post"}],"author":[{"embeddable":true,"href":"https:\/\/staging.ivg.it\/ediapi\/wp\/v2\/users\/13744"}],"replies":[{"embeddable":true,"href":"https:\/\/staging.ivg.it\/ediapi\/wp\/v2\/comments?post=249591"}],"version-history":[{"count":0,"href":"https:\/\/staging.ivg.it\/ediapi\/wp\/v2\/posts\/249591\/revisions"}],"wp:attachment":[{"href":"https:\/\/staging.ivg.it\/ediapi\/wp\/v2\/media?parent=249591"}],"wp:term":[{"taxonomy":"category","embeddable":true,"href":"https:\/\/staging.ivg.it\/ediapi\/wp\/v2\/categories?post=249591"},{"taxonomy":"post_tag","embeddable":true,"href":"https:\/\/staging.ivg.it\/ediapi\/wp\/v2\/tags?post=249591"}],"curies":[{"name":"wp","href":"https:\/\/api.w.org\/{rel}","templated":true}]}}