{"id":249563,"date":"2013-09-14T20:22:36","date_gmt":"2013-09-14T18:22:36","guid":{"rendered":"http:\/\/www.ivg.it\/?p=249563"},"modified":"2013-09-15T09:25:11","modified_gmt":"2013-09-15T07:25:11","slug":"prima-divisione-albinoleffe-schiera-giocatore-squalificato-ricorso-della-cremonese-il-savona-fuori-tempo-massimo","status":"publish","type":"post","link":"https:\/\/staging.ivg.it\/2013\/09\/prima-divisione-albinoleffe-schiera-giocatore-squalificato-ricorso-della-cremonese-il-savona-fuori-tempo-massimo\/","title":{"rendered":"Prima Divisione, Albinoleffe schiera giocatore squalificato: ricorso della Cremonese. Il Savona fuori tempo massimo?"},"content":{"rendered":"<p><b>Savona<\/b>. In Prima Divisione scoppia il caso Pontiggia. Chi \u00e8 costui?<\/p>\n<p>\u00c8 un giovane calciatore dell\u2019Albinoleffe, l\u2019anno scorso ancora nella \u201cBerretti\u201d e autore contro il Savona del gol del momentaneo 3-1 per i lombardi.<\/p>\n<p>Il giovane giocatore bergamasco \u00e8 salito agli onori della cronaca nelle ultime ore non per un gol realizzato o un&#8217;impresa sportiva.<\/p>\n<p>La colpa\u00a0di Pontiggia &#8211;\u00a0colpa, in realt\u00e0, ascrivibile ai dirigenti lombardi &#8211;\u00a0sarebbe quella di essere stato squalificato nello scorso campionato \u201cBerretti\u201d e di non aver scontato le giornate comminate dal giudice sportivo.<\/p>\n<p>Madonna, tecnico bergamasco, l\u2019ha schierato in tutte e tre le partite giocate finora \u2013 Savona, SudTirol e Cremonese \u2013 ma solo i dirigenti di quest\u2019ultima si sarebbero accorti della squalifica.<\/p>\n<p>Ora l\u2019Albinoleffe rischia la sconfitta contro la Cremonese e un punto di penalit\u00e0 per le due partite precedenti.<\/p>\n<p>Il Savona, per\u00f2, cos\u00ec come il SudTirol, non potrebbero chiedere la vittoria a tavolino visto che i termini per presentare ricorso sono scaduti.<\/p>\n<p>Una beffa per la societ\u00e0 biancobl\u00f9 che, con un pizzico di attenzione in pi\u00f9, avrebbe potuto conquistare tre punti importanti.<\/p>\n","protected":false},"excerpt":{"rendered":"<p>Savona. In Prima Divisione scoppia il caso Pontiggia. Chi \u00e8 costui? \u00c8 un giovane calciatore dell\u2019Albinoleffe, l\u2019anno scorso ancora nella \u201cBerretti\u201d e autore contro il Savona del gol del momentaneo 3-1 per i lombardi. Il giovane giocatore bergamasco \u00e8 salito agli onori della cronaca nelle ultime ore non per un gol realizzato o un&#8217;impresa sportiva. [&hellip;]<\/p>\n","protected":false},"author":8847,"featured_media":0,"comment_status":"open","ping_status":"closed","sticky":false,"template":"","format":"standard","meta":{"footnotes":""},"categories":[1578,32],"tags":[48528,32884,49008,86042],"class_list":["post-249563","post","type-post","status-publish","format-standard","hentry","category-savona-calcio","category-sport","tag-albinoleffe","tag-cremonese","tag-pontiggia","tag-savona-calcio","post_cat_citta-savona"],"amp_validity":null,"amp_enabled":true,"_links":{"self":[{"href":"https:\/\/staging.ivg.it\/ediapi\/wp\/v2\/posts\/249563","targetHints":{"allow":["GET"]}}],"collection":[{"href":"https:\/\/staging.ivg.it\/ediapi\/wp\/v2\/posts"}],"about":[{"href":"https:\/\/staging.ivg.it\/ediapi\/wp\/v2\/types\/post"}],"author":[{"embeddable":true,"href":"https:\/\/staging.ivg.it\/ediapi\/wp\/v2\/users\/8847"}],"replies":[{"embeddable":true,"href":"https:\/\/staging.ivg.it\/ediapi\/wp\/v2\/comments?post=249563"}],"version-history":[{"count":0,"href":"https:\/\/staging.ivg.it\/ediapi\/wp\/v2\/posts\/249563\/revisions"}],"wp:attachment":[{"href":"https:\/\/staging.ivg.it\/ediapi\/wp\/v2\/media?parent=249563"}],"wp:term":[{"taxonomy":"category","embeddable":true,"href":"https:\/\/staging.ivg.it\/ediapi\/wp\/v2\/categories?post=249563"},{"taxonomy":"post_tag","embeddable":true,"href":"https:\/\/staging.ivg.it\/ediapi\/wp\/v2\/tags?post=249563"}],"curies":[{"name":"wp","href":"https:\/\/api.w.org\/{rel}","templated":true}]}}