{"id":249495,"date":"2013-09-13T14:52:03","date_gmt":"2013-09-13T12:52:03","guid":{"rendered":"http:\/\/www.ivg.it\/?p=249495"},"modified":"2013-09-14T12:43:39","modified_gmt":"2013-09-14T10:43:39","slug":"rapina-di-capodanno-lunedi-dal-gip-il-romeno-arrestato-la-vittima-lo-ha-riconosciuto-dalle-foto","status":"publish","type":"post","link":"https:\/\/staging.ivg.it\/2013\/09\/rapina-di-capodanno-lunedi-dal-gip-il-romeno-arrestato-la-vittima-lo-ha-riconosciuto-dalle-foto\/","title":{"rendered":"Rapina di Capodanno, luned\u00ec dal gip il romeno arrestato: la vittima lo ha riconosciuto dalle foto"},"content":{"rendered":"<p><strong>Savona<\/strong>. E&#8217; stato fissato per luned\u00ec mattina l&#8217;interrogatorio di Pictor Caldaras, il romeno di 32 anni finito in manette in esecuzione di un&#8217;ordinanza di custodia cautelare per aver rapinato una donna nella notte di Capodanno. L&#8217;uomo, che \u00e8 stato identificato ieri dalla polizia, davanti al gip avr\u00e0 la possibilit\u00e0 di raccontare la sua versione dei fatti. <\/p>\n<p>Secondo l&#8217;accusa Caldaras (assistito dall&#8217;avvocato Alfonso Ferrara), la sera del 31 dicembre scorso, aveva rapinato una donna, minacciandola dopo averle stretto il collo con una sciarpa, ed era scappato con i soldi e il cellulare della malcapitata. L&#8217;uomo \u00e8 finito nei guai dopo un normale controllo degli agenti della squadra volante della Questura savonese hanno riconosciuto il trentaduenne senza fissa dimora, che era il destinatario dell&#8217;ordinanza di custodia cautelare. <\/p>\n<p>A denunciare il romeno, fornendone una precisa descrizione, era stata la stessa vittima della rapina, una signora di 67 anni, genovese, che era arrivata a Savona per festeggiare la fine dell&#8217;anno con un&#8217;amica. Per un malinteso per\u00f2 le due amiche non si erano incontrate e la donna si era ritrovata senza nulla da fare alla stazione Mongrifone. Qui era stata avvicinata dal romeno e aveva accettato l\u2019invito a festeggiare Capodanno con lui ed altri amici. L\u2019uomo per\u00f2 aveva accompagnato la donna in zona collinare, in un posto isolato di via alla Str\u00e0, e non ad una festa o in un locale. Poi aveva stretto una sciarpa intorno al collo della signora, minacciando di strozzarla (&#8220;dammi i soldi o ti ammazzo&#8221;), e si era fatto consegnare circa 250 euro in contanti e il telefonino. A quel punto il malvivente era fuggito facendo perdere le sue tracce.<\/p>\n<p>A tradirlo sono state proprio due telefonate che l&#8217;uomo ha fatto ad un amico con il cellulare della vittima. Grazie alle indagini sui tabulati, ma anche ad alcune foto segnaletiche, i poliziotti erano cos\u00ec risaliti a lui nei confronti del quale era stata emessa l&#8217;ordinanza di custodia cautelare. Quando \u00e8 stato fermato per un controllo quindi \u00e8 scattato immediato l&#8217;arresto. <\/p>\n","protected":false},"excerpt":{"rendered":"<p>Savona. E&#8217; stato fissato per luned\u00ec mattina l&#8217;interrogatorio di Pictor Caldaras, il romeno di 32 anni finito in manette in esecuzione di un&#8217;ordinanza di custodia cautelare per aver rapinato una donna nella notte di Capodanno. L&#8217;uomo, che \u00e8 stato identificato ieri dalla polizia, davanti al gip avr\u00e0 la possibilit\u00e0 di raccontare la sua versione dei [&hellip;]<\/p>\n","protected":false},"author":2394,"featured_media":0,"comment_status":"open","ping_status":"closed","sticky":false,"template":"","format":"standard","meta":{"footnotes":""},"categories":[34],"tags":[4683,1065,85850],"class_list":["post-249495","post","type-post","status-publish","format-standard","hentry","category-cronaca","tag-capodanno","tag-rapina","tag-savona","post_cat_citta-savona"],"amp_validity":null,"amp_enabled":true,"_links":{"self":[{"href":"https:\/\/staging.ivg.it\/ediapi\/wp\/v2\/posts\/249495","targetHints":{"allow":["GET"]}}],"collection":[{"href":"https:\/\/staging.ivg.it\/ediapi\/wp\/v2\/posts"}],"about":[{"href":"https:\/\/staging.ivg.it\/ediapi\/wp\/v2\/types\/post"}],"author":[{"embeddable":true,"href":"https:\/\/staging.ivg.it\/ediapi\/wp\/v2\/users\/2394"}],"replies":[{"embeddable":true,"href":"https:\/\/staging.ivg.it\/ediapi\/wp\/v2\/comments?post=249495"}],"version-history":[{"count":0,"href":"https:\/\/staging.ivg.it\/ediapi\/wp\/v2\/posts\/249495\/revisions"}],"wp:attachment":[{"href":"https:\/\/staging.ivg.it\/ediapi\/wp\/v2\/media?parent=249495"}],"wp:term":[{"taxonomy":"category","embeddable":true,"href":"https:\/\/staging.ivg.it\/ediapi\/wp\/v2\/categories?post=249495"},{"taxonomy":"post_tag","embeddable":true,"href":"https:\/\/staging.ivg.it\/ediapi\/wp\/v2\/tags?post=249495"}],"curies":[{"name":"wp","href":"https:\/\/api.w.org\/{rel}","templated":true}]}}