{"id":249462,"date":"2013-09-12T21:01:59","date_gmt":"2013-09-12T19:01:59","guid":{"rendered":"http:\/\/www.ivg.it\/?p=249462"},"modified":"2013-09-13T14:43:38","modified_gmt":"2013-09-13T12:43:38","slug":"il-gotha-della-vela-approda-a-loano-vaccarezza-e-zaccaria-il-grande-sport-in-questo-porto-un-sogno-che-si-avvera","status":"publish","type":"post","link":"https:\/\/staging.ivg.it\/2013\/09\/il-gotha-della-vela-approda-a-loano-vaccarezza-e-zaccaria-il-grande-sport-in-questo-porto-un-sogno-che-si-avvera\/","title":{"rendered":"Il gotha della vela approda a Loano, Vaccarezza e Zaccaria: &#8220;Il grande sport in questo porto, un sogno che si avvera&#8221;"},"content":{"rendered":"<p><strong>Loano<\/strong>. Presidente della Provincia di Savona ed ex sindaco di Loano, ruolo che ha ricoperto per due mandati, Angelo Vaccarezza, durante l&#8217;inaugurazione dell&#8217;evento, non nasconde la propria soddisfazione nel vedere approdare nella sua citt\u00e0 i Campionati italiani classi olimpiche.<\/p>\n<p>&#8220;Tutto il gotha della vela olimpica italiana si trova qua &#8211; afferma -. E&#8217; la grande occasione per veder valorizzate questa struttura e il nostro mare. E&#8217; una grande soddisfazione da presidente della Provincia e soprattutto da loanese. Questo porto era il sogno di svariate generazioni di amministratori&#8221;.<\/p>\n<p>Una struttura moderna ed efficiente, per\u00f2, non basta per attrarre i grandi eventi. Ci vogliono anche persone che lavorino con questo scopo ed \u00e8 a loro che Vaccarezza rivolge il suo plauso: &#8220;Devo ringraziare chi \u00e8 stato capace di portare qui una manifestazione di questo genere. Oggi \u00e8 una gran bella giornata per Loano e per tutta la Provincia&#8221;.<\/p>\n<p>Gli fa eco Remo Zaccaria, assessore a turismo, cultura e sport di Loano: &#8220;I ringraziamenti vanno a chi, in modo volontario, ogni giorno lavora per queste manifestazioni&#8221;. <\/p>\n<p>&#8220;Il settembre sportivo loanese &#8211; spiega &#8211; quest&#8217;anno \u00e8 caratterizzato da questo grande evento. Sono 254 equipaggi, per un grande afflusso negli alberghi. Oltre al piano turistico, c&#8217;\u00e8 quello sportivo: \u00e8 una competizione che fa bene alla citt\u00e0 e alla Marina di Loano&#8221;.<\/p>\n<p>&#8220;Iniziamo a vedere quello che volevamo, un sogno avverato &#8211; conclude Zaccaria -. Non solo turismo ma anche sport, con questa grande kermesse&#8221;.<\/p>\n","protected":false},"excerpt":{"rendered":"<p>Loano. Presidente della Provincia di Savona ed ex sindaco di Loano, ruolo che ha ricoperto per due mandati, Angelo Vaccarezza, durante l&#8217;inaugurazione dell&#8217;evento, non nasconde la propria soddisfazione nel vedere approdare nella sua citt\u00e0 i Campionati italiani classi olimpiche. &#8220;Tutto il gotha della vela olimpica italiana si trova qua &#8211; afferma -. E&#8217; la grande [&hellip;]<\/p>\n","protected":false},"author":13744,"featured_media":0,"comment_status":"open","ping_status":"closed","sticky":false,"template":"","format":"standard","meta":{"footnotes":""},"categories":[42377,32],"tags":[2317,48944,85827,934,429],"class_list":["post-249462","post","type-post","status-publish","format-standard","hentry","category-altri-sport","category-sport","tag-angelo-vaccarezza","tag-campionati-italiani-classi-olimpiche","tag-loano","tag-remo-zaccaria","tag-vela","post_cat_citta-loano"],"amp_validity":null,"amp_enabled":true,"_links":{"self":[{"href":"https:\/\/staging.ivg.it\/ediapi\/wp\/v2\/posts\/249462","targetHints":{"allow":["GET"]}}],"collection":[{"href":"https:\/\/staging.ivg.it\/ediapi\/wp\/v2\/posts"}],"about":[{"href":"https:\/\/staging.ivg.it\/ediapi\/wp\/v2\/types\/post"}],"author":[{"embeddable":true,"href":"https:\/\/staging.ivg.it\/ediapi\/wp\/v2\/users\/13744"}],"replies":[{"embeddable":true,"href":"https:\/\/staging.ivg.it\/ediapi\/wp\/v2\/comments?post=249462"}],"version-history":[{"count":0,"href":"https:\/\/staging.ivg.it\/ediapi\/wp\/v2\/posts\/249462\/revisions"}],"wp:attachment":[{"href":"https:\/\/staging.ivg.it\/ediapi\/wp\/v2\/media?parent=249462"}],"wp:term":[{"taxonomy":"category","embeddable":true,"href":"https:\/\/staging.ivg.it\/ediapi\/wp\/v2\/categories?post=249462"},{"taxonomy":"post_tag","embeddable":true,"href":"https:\/\/staging.ivg.it\/ediapi\/wp\/v2\/tags?post=249462"}],"curies":[{"name":"wp","href":"https:\/\/api.w.org\/{rel}","templated":true}]}}