{"id":249384,"date":"2013-09-11T13:35:59","date_gmt":"2013-09-11T11:35:59","guid":{"rendered":"http:\/\/www.ivg.it\/?p=249384"},"modified":"2013-09-11T13:35:59","modified_gmt":"2013-09-11T11:35:59","slug":"loano-domenica-il-giro-delle-mura-obiettivo-500-iscritti","status":"publish","type":"post","link":"https:\/\/staging.ivg.it\/2013\/09\/loano-domenica-il-giro-delle-mura-obiettivo-500-iscritti\/","title":{"rendered":"Loano, domenica il Giro delle Mura: obiettivo 500 iscritti"},"content":{"rendered":"<p><strong>Loano<\/strong>. Domenica 15 settembre Loano ripropone la spettacolare corsa podistica competitiva Giro delle Mura &#8220;Memorial Paolo Romanisio&#8221;, organizzata dalla societ\u00e0 sportiva Runners Loano con il contributo dell\u2019assessorato a turismo, cultura e sport del Comune.<\/p>\n<p>\u201cLa crescente partecipazione di atleti provenienti da tutto il nord Italia e la presenza alla gara di nomi illustri del panorama ciclistico internazionale &#8211; dice l\u2019assessore Remo Zaccaria -, lasciano ben sperare gli organizzatori, che quest\u2019anno si sono posti come obiettivo il raggiungimento dei 500 iscritti. Il percorso \u00e8 quello tradizionale, sulla distanza di 10 chilometri, che vedr\u00e0 i concorrenti impegnati sul lungomare (interamente sgombro da auto per tutta la durata della prova) e intorno al perimetro delle antiche mura della citt\u00e0, con suggestivi passaggi in piazza Italia e nel centro storico&#8221;.<\/p>\n<p>\u201cLa gara di domenica \u2013 spiegano gli organizzatori \u2013 si annuncia come edizione record del Giro delle Mura. A rendere particolare la settima edizione della stracittadina loanese saranno gli appassionati e gli amatori che numerosi si stanno iscrivendo alla 10 km. Il percorso molto veloce e spettacolare \u00e8 stato fin dalla prima edizione molto apprezzato dai runners di ogni livello. A rendere questa edizione ancora pi\u00f9 appassionante sar\u00e0 la presenza dei top runners che mai come quest&#8217;anno renderanno il risultato equilibrato e incerto&#8221;.<\/p>\n<p>L&#8217;elenco dei grandi favoriti inizia da Valerio Brignone (Cambiaso Risso Running Team) che soltanto qualche settimana fa in terra loanese ha tagliato il traguardo a braccia alzate nella prima edizione della Marina Classic, corsa all&#8217;interno del porto di Loano. La sua esperienza ed il suo stato di forma attuale lo collocano di diritto tra i favoriti della gara.<\/p>\n<p>A contrastare la sua candidatura al gradino pi\u00f9 alto del podio ci sar\u00e0 il campione tunisino Mehdi Khelifi (Atletica Acquaviva), vincitore della prima edizione della mezza maratona RivieraRun e per tre volte campione di Tunisia di corsa campestre, accreditato di 28&#8217;35\u201d sui 10.000 e di 13&#8217;38\u201d sui 5000, oltre che di 1h02&#8217;51\u201d sulla mezza maratona, tempi di assoluto valore internazionale.<\/p>\n<p>Nel gruppo dei pretendenti alla vittoria vanno segnalati anche il tunisino Chihaoui Ridha  (Cambiaso Risso Running Team), vincitore della seconda edizione del Giro delle Mura, e il marocchino Mohamed Rity (Podistica Peralto), oltre che Luca Campanella, da due anni vincitore della classica gara in salita Alpicella-Monte Beigua. Dalla Puglia anche l&#8217;outsider Emanuele Margheriti figura tra i pretendenti al successo.<\/p>\n<p>A contendersi il primo posto in campo femminile saranno probabilmente Clara Rivera (Atletica Cairo) che recentemente ai Master World Games di Torino si \u00e8 classificata terza nella mezza maratona e quinta sui 10.000, e Leonora Serra, classificatasi seconda nei 2000 siepi nella medesima manifestazione.<\/p>\n<p>Il ritrovo e l\u2019arrivo saranno in piazza Italia, la partenza (ore 10) in piazza Cadorna. Alle 9,30 ci sar\u00e0 la gara dei pi\u00f9 piccoli: il Giro delle Mura Baby (1 km), dedicato agli under 14, con iscrizione gratuita sul posto.<\/p>\n<p>Alle ore 12, sul prestigioso palco del Giardino del Principe di Loano, saranno premiati i vincitori assoluti delle varie categorie e i molti amatori che prenderanno parte a questa settima edizione del Giro delle Mura di Loano.<\/p>\n","protected":false},"excerpt":{"rendered":"<p>Loano. Domenica 15 settembre Loano ripropone la spettacolare corsa podistica competitiva Giro delle Mura &#8220;Memorial Paolo Romanisio&#8221;, organizzata dalla societ\u00e0 sportiva Runners Loano con il contributo dell\u2019assessorato a turismo, cultura e sport del Comune. \u201cLa crescente partecipazione di atleti provenienti da tutto il nord Italia e la presenza alla gara di nomi illustri del panorama [&hellip;]<\/p>\n","protected":false},"author":13744,"featured_media":0,"comment_status":"open","ping_status":"closed","sticky":false,"template":"","format":"standard","meta":{"footnotes":""},"categories":[47716,32],"tags":[345,1403,85827,12438,176],"class_list":["post-249384","post","type-post","status-publish","format-standard","hentry","category-atletica-sport","category-sport","tag-corsa","tag-giro-delle-mura","tag-loano","tag-memorial-paolo-romanisio","tag-podismo","post_cat_citta-loano"],"amp_validity":null,"amp_enabled":true,"_links":{"self":[{"href":"https:\/\/staging.ivg.it\/ediapi\/wp\/v2\/posts\/249384","targetHints":{"allow":["GET"]}}],"collection":[{"href":"https:\/\/staging.ivg.it\/ediapi\/wp\/v2\/posts"}],"about":[{"href":"https:\/\/staging.ivg.it\/ediapi\/wp\/v2\/types\/post"}],"author":[{"embeddable":true,"href":"https:\/\/staging.ivg.it\/ediapi\/wp\/v2\/users\/13744"}],"replies":[{"embeddable":true,"href":"https:\/\/staging.ivg.it\/ediapi\/wp\/v2\/comments?post=249384"}],"version-history":[{"count":0,"href":"https:\/\/staging.ivg.it\/ediapi\/wp\/v2\/posts\/249384\/revisions"}],"wp:attachment":[{"href":"https:\/\/staging.ivg.it\/ediapi\/wp\/v2\/media?parent=249384"}],"wp:term":[{"taxonomy":"category","embeddable":true,"href":"https:\/\/staging.ivg.it\/ediapi\/wp\/v2\/categories?post=249384"},{"taxonomy":"post_tag","embeddable":true,"href":"https:\/\/staging.ivg.it\/ediapi\/wp\/v2\/tags?post=249384"}],"curies":[{"name":"wp","href":"https:\/\/api.w.org\/{rel}","templated":true}]}}