{"id":249209,"date":"2013-09-08T15:47:23","date_gmt":"2013-09-08T13:47:23","guid":{"rendered":"http:\/\/www.ivg.it\/?p=249209"},"modified":"2013-09-09T09:33:43","modified_gmt":"2013-09-09T07:33:43","slug":"savona-assegnati-i-premi-del-concorso-internazionale-di-poesia-e-fotografia-nestore","status":"publish","type":"post","link":"https:\/\/staging.ivg.it\/2013\/09\/savona-assegnati-i-premi-del-concorso-internazionale-di-poesia-e-fotografia-nestore\/","title":{"rendered":"Savona, assegnati i premi del concorso internazionale di poesia e fotografia \u201cNestore&#8221;"},"content":{"rendered":"<p><strong>Savona<\/strong>. Per la seconda volta, la Sala Rossa del Comune di Savona ha ospitato la cerimonia di premiazione del concorso internazionale di poesia e fotografia \u201cNestore&#8221;, indetto dal centro culturale \u201cNuovo Arcobaleno\u201d, di cui \u00e8 presidente e fondatore Svilen Angelov.<\/p>\n<p>Il concorso ha ottenuto gli auspici del Parlamento Europeo e il patrocinio di Ambasciata della Repubblica di Bulgaria a Roma, Parlamento Mondiale per la Sicurezza e la Pace, Regione Liguria, Provincia di Savona, Citt\u00e0 di Savona, Accademia Universale \u201cG. Carducci\u201d, Accademia Internazionale Vesuviana, Ziggurmare.<\/p>\n<p>Poeti ed artisti provenienti da tutta la Penisola e dall&#8217;estero (Francia, Bulgaria, Romania, Stati Uniti, Albania e Libano) si sono messi in competizione, ognuno con la propria opera, con il proprio credo.<\/p>\n<p>Tra gli ospiti in presenti in sala ieri vi erano il vicesindaco della citt\u00e0 di Savona Livio Di Tullio, il viceprefetto vicario Giuseppe Montella, l&#8217;assessore della Provincia di Savona Pietro Santi, Amnon Cohen primario del reparto pediatrico di Savona, Carlo Cerva presidente di \u201cA Campanassa\u201d.<\/p>\n<p>&#8220;Creare \u00e8 un dovere sacrosanto &#8211; afferma Svilen Angelov -, \u00e8 un dovere impegnarsi per acquisire la coscienza di diffondere il sapere e la bellezza. Il compito di un artista \u00e8 quello di cercare, creare, regalare, senza risparmiarsi, con il pensiero che coinvolge il presente e con lo sguardo rivolto al futuro, perch\u00e9 l&#8217;arte appartiene al futuro&#8221;.<\/p>\n<p>&#8220;Il futuro \u00e8 incarnato nell&#8217;arte &#8211; prosegue -, simbolo della bellezza nella vita che infonde gioia al cuore, \u00e8 quel frutto prezioso che resiste al logorio del tempo, che unisce generazioni e che comunica, trasmette ed arricchisce&#8221;.<\/p>\n<p>La giuria, che ha lavorato in massima trasparenza ed instancabilmente, ha assegnato, nelle diverse sezioni, i primi premi di poesia a Valentino Federico di Ischia, Ladik Donato di Torino, Giuseppe Furlano di Asti, Patrizio Pesce di Livorno, Luigi Di Raffaele di Sant&#8217;Antimo.<\/p>\n<p>Il Gran Premio \u201cNuovo Arcobaleno\u201d di poesia \u00e8 stato conseguito da Francesco Terrone di Salerno, mentre quello di arte da Mario Nebiolo di Savona.<\/p>\n<p>Il primo premio nella sezione &#8220;fotografia e arte\u201d \u00e8 stato vinto da Anna Barbara Caviglia di Genova. Nunzio Buono si \u00e8 aggiudicato il premio speciale della giuria \u201cvideo e poesia\u201d con la lirica \u201cPoi ti penso aspettare\u201d.<\/p>\n<p>Il trofeo \u201cRenzino Astengo\u201d \u00e8 stato \u201cconquistato\u201d da Maria Rosaria Cutell\u00e8, mentre il trofeo \u201cZiggurmare\u201d \u00e8 andato al fotografo savonese Ivano Benedetti.<\/p>\n<p>Durante la cerimonia fu assegnato il premio alla carriera ai poeti ed artisti Fabiano Braccini, Rolando Pisano e Sara Ciampi; quest&#8217;ultima \u00e8 stata pi\u00f9 volte candidata al premio Nobel per la letteratura. Hanno ricevuto il premio alla carriera \u201cArte nel lavoro\u201d Carla Quaglia e Alessandro Ferro di Savona.<\/p>\n<p>Per aver contribuito a valorizzare le discipline artistiche a favore del progresso contemporaneo, hanno ricevuto il premio \u201cOrizzonti Letterari\u201d i giornalisti Silvano Gianti (rivista \u201cCitt\u00e0 Nuova\u201d di Roma), Michele Melillo (rivista culturale \u201cMiscellanea\u201d di Salerno), Carlo Cerva (rivista \u201cA Campanassa\u201d di Savona).<\/p>\n<p>Le associazioni culturali \u201cR. Aiolfi\u201d, \u201cLiber Arti\u201d e \u201cSmile\u201d sono state premiate per la loro operosit\u00e0 svolta sul territorio ligure.<\/p>\n<p>Il prestigioso premio \u201cPoeti senza frontiere\u201d per alti meriti culturali \u00e8 stato assegnato ai poeti Biagio Di Meglio di Ischia e Orazio Tanelli di New Jersey.<\/p>\n<p>&#8220;Augurando ogni migliore traguardo ai partecipanti per l&#8217;attivit\u00e0 culturale, svolta con tanto impegno ed entusiasmo &#8211; conclude Angelov -, &#8216;Nuovo Arcobaleno&#8217; continua ad operare in trasparenza in base agli articoli della Costituzione Italiana sul quale \u00e8 stato fondato, accogliendo sempre nuovi artisti e poeti e quanti ne vogliano far parte&#8221;.<\/p>\n","protected":false},"excerpt":{"rendered":"<p>Savona. Per la seconda volta, la Sala Rossa del Comune di Savona ha ospitato la cerimonia di premiazione del concorso internazionale di poesia e fotografia \u201cNestore&#8221;, indetto dal centro culturale \u201cNuovo Arcobaleno\u201d, di cui \u00e8 presidente e fondatore Svilen Angelov. Il concorso ha ottenuto gli auspici del Parlamento Europeo e il patrocinio di Ambasciata della [&hellip;]<\/p>\n","protected":false},"author":13744,"featured_media":0,"comment_status":"open","ping_status":"closed","sticky":false,"template":"","format":"standard","meta":{"footnotes":""},"categories":[],"tags":[5263,85850],"class_list":["post-249209","post","type-post","status-publish","format-standard","hentry","tag-carlo-cerva","tag-savona","post_cat_citta-savona"],"amp_validity":null,"amp_enabled":true,"_links":{"self":[{"href":"https:\/\/staging.ivg.it\/ediapi\/wp\/v2\/posts\/249209","targetHints":{"allow":["GET"]}}],"collection":[{"href":"https:\/\/staging.ivg.it\/ediapi\/wp\/v2\/posts"}],"about":[{"href":"https:\/\/staging.ivg.it\/ediapi\/wp\/v2\/types\/post"}],"author":[{"embeddable":true,"href":"https:\/\/staging.ivg.it\/ediapi\/wp\/v2\/users\/13744"}],"replies":[{"embeddable":true,"href":"https:\/\/staging.ivg.it\/ediapi\/wp\/v2\/comments?post=249209"}],"version-history":[{"count":0,"href":"https:\/\/staging.ivg.it\/ediapi\/wp\/v2\/posts\/249209\/revisions"}],"wp:attachment":[{"href":"https:\/\/staging.ivg.it\/ediapi\/wp\/v2\/media?parent=249209"}],"wp:term":[{"taxonomy":"category","embeddable":true,"href":"https:\/\/staging.ivg.it\/ediapi\/wp\/v2\/categories?post=249209"},{"taxonomy":"post_tag","embeddable":true,"href":"https:\/\/staging.ivg.it\/ediapi\/wp\/v2\/tags?post=249209"}],"curies":[{"name":"wp","href":"https:\/\/api.w.org\/{rel}","templated":true}]}}