{"id":249169,"date":"2013-09-07T11:12:58","date_gmt":"2013-09-07T09:12:58","guid":{"rendered":"http:\/\/www.ivg.it\/?p=249169"},"modified":"2013-09-07T11:12:58","modified_gmt":"2013-09-07T09:12:58","slug":"savona-alla-deriva-sul-canotto-uomo-recuperato-e-riportato-a-riva-da-una-barca-piloti","status":"publish","type":"post","link":"https:\/\/staging.ivg.it\/2013\/09\/savona-alla-deriva-sul-canotto-uomo-recuperato-e-riportato-a-riva-da-una-barca-piloti\/","title":{"rendered":"Savona, alla deriva sul canotto: uomo recuperato e riportato a riva da una barca Piloti"},"content":{"rendered":"<p><strong>Savona<\/strong>. Probabilmente era stato spinto al largo dalle correnti e non riusciva pi\u00f9 a tornare verso riva. In soccorso di un uomo che &#8220;navigava&#8221; a bordo di un piccolo canotto \u00e8 intervenuta una barca Piloti impegnata poco prima nell&#8217;uscita di una nava da Porto Vado. La scena \u00e8 stata osservata da un pescatore che stava per tornare a casa dopo una nottata di pesca nella zona della foce del Letimbro.<\/p>\n<p>&#8220;E&#8217; stato calato un canottino da bambino in mare &#8211; racconta il pescatore &#8211; sul quale \u00e8 salita una persona (credo uno straniero) che era stata spinta al largo dalla tramontana. Quando il canotto ha toccato terra la barca ha ripreso il largo e (abbandonato il canotto vicino agli scogli) il naufrago si \u00e8 rifugiato sotto le palme dietro al ristorante Green, visibilmente stanco e affaticato&#8221;.<\/p>\n","protected":false},"excerpt":{"rendered":"<p>Savona. Probabilmente era stato spinto al largo dalle correnti e non riusciva pi\u00f9 a tornare verso riva. In soccorso di un uomo che &#8220;navigava&#8221; a bordo di un piccolo canotto \u00e8 intervenuta una barca Piloti impegnata poco prima nell&#8217;uscita di una nava da Porto Vado. La scena \u00e8 stata osservata da un pescatore che stava [&hellip;]<\/p>\n","protected":false},"author":13744,"featured_media":0,"comment_status":"open","ping_status":"closed","sticky":false,"template":"","format":"standard","meta":{"footnotes":""},"categories":[34],"tags":[868,85850],"class_list":["post-249169","post","type-post","status-publish","format-standard","hentry","category-cronaca","tag-piloti","tag-savona","post_cat_citta-savona"],"amp_validity":null,"amp_enabled":true,"_links":{"self":[{"href":"https:\/\/staging.ivg.it\/ediapi\/wp\/v2\/posts\/249169","targetHints":{"allow":["GET"]}}],"collection":[{"href":"https:\/\/staging.ivg.it\/ediapi\/wp\/v2\/posts"}],"about":[{"href":"https:\/\/staging.ivg.it\/ediapi\/wp\/v2\/types\/post"}],"author":[{"embeddable":true,"href":"https:\/\/staging.ivg.it\/ediapi\/wp\/v2\/users\/13744"}],"replies":[{"embeddable":true,"href":"https:\/\/staging.ivg.it\/ediapi\/wp\/v2\/comments?post=249169"}],"version-history":[{"count":0,"href":"https:\/\/staging.ivg.it\/ediapi\/wp\/v2\/posts\/249169\/revisions"}],"wp:attachment":[{"href":"https:\/\/staging.ivg.it\/ediapi\/wp\/v2\/media?parent=249169"}],"wp:term":[{"taxonomy":"category","embeddable":true,"href":"https:\/\/staging.ivg.it\/ediapi\/wp\/v2\/categories?post=249169"},{"taxonomy":"post_tag","embeddable":true,"href":"https:\/\/staging.ivg.it\/ediapi\/wp\/v2\/tags?post=249169"}],"curies":[{"name":"wp","href":"https:\/\/api.w.org\/{rel}","templated":true}]}}