{"id":249138,"date":"2013-09-06T13:13:06","date_gmt":"2013-09-06T11:13:06","guid":{"rendered":"http:\/\/www.ivg.it\/?p=249138"},"modified":"2013-09-06T13:13:06","modified_gmt":"2013-09-06T11:13:06","slug":"fondo-europeo-rifugiati-fino-al-30-settembre-e-possibile-presentare-i-progetti","status":"publish","type":"post","link":"https:\/\/staging.ivg.it\/2013\/09\/fondo-europeo-rifugiati-fino-al-30-settembre-e-possibile-presentare-i-progetti\/","title":{"rendered":"Fondo Europeo Rifugiati: fino al 30 settembre \u00e8 possibile presentare i progetti"},"content":{"rendered":"<p><strong>Savona<\/strong>. Il Ministero dell&#8217;Interno, dipartimento per le libert\u00e0 civili e l&#8217;immigrazione, con la circolare numero 7488 del 5 settembre ha comunicato che \u00e8 stato fissato al 30 settembre 2013 il termine entro il quale \u00e8 possibile richiedere il finanziamento, a valere sul Fondo Europeo Rifugiati, di progetti a valere sull&#8217;Azione 1 per &#8220;Interventi finalizzati all&#8217;integrazione socio-economica dei residenti\/titolari di protezione internazionale (non appartenenti a categorie vulnerabili)&#8221; e sull&#8217;Azione 4 &#8220;Interventi di riabilitazione e integrazione socio-economica rivolti ai titolari di protezione internazionale vulnerabili&#8221;.<\/p>\n<p>I soggetti proponenti potranno quindi trasmettere telematicamente, fino a tale data, all&#8217;indirizzo internet https:\/\/www.fondisolid.interno.it previa registrazione presso il sito medesimo, i propri progetti.<\/p>\n","protected":false},"excerpt":{"rendered":"<p>Savona. Il Ministero dell&#8217;Interno, dipartimento per le libert\u00e0 civili e l&#8217;immigrazione, con la circolare numero 7488 del 5 settembre ha comunicato che \u00e8 stato fissato al 30 settembre 2013 il termine entro il quale \u00e8 possibile richiedere il finanziamento, a valere sul Fondo Europeo Rifugiati, di progetti a valere sull&#8217;Azione 1 per &#8220;Interventi finalizzati all&#8217;integrazione [&hellip;]<\/p>\n","protected":false},"author":13744,"featured_media":0,"comment_status":"open","ping_status":"closed","sticky":false,"template":"","format":"standard","meta":{"footnotes":""},"categories":[],"tags":[4025,755,3003],"class_list":["post-249138","post","type-post","status-publish","format-standard","hentry","tag-integrazione","tag-prefettura","tag-progetti","post_cat_citta-andora"],"amp_validity":null,"amp_enabled":true,"_links":{"self":[{"href":"https:\/\/staging.ivg.it\/ediapi\/wp\/v2\/posts\/249138","targetHints":{"allow":["GET"]}}],"collection":[{"href":"https:\/\/staging.ivg.it\/ediapi\/wp\/v2\/posts"}],"about":[{"href":"https:\/\/staging.ivg.it\/ediapi\/wp\/v2\/types\/post"}],"author":[{"embeddable":true,"href":"https:\/\/staging.ivg.it\/ediapi\/wp\/v2\/users\/13744"}],"replies":[{"embeddable":true,"href":"https:\/\/staging.ivg.it\/ediapi\/wp\/v2\/comments?post=249138"}],"version-history":[{"count":0,"href":"https:\/\/staging.ivg.it\/ediapi\/wp\/v2\/posts\/249138\/revisions"}],"wp:attachment":[{"href":"https:\/\/staging.ivg.it\/ediapi\/wp\/v2\/media?parent=249138"}],"wp:term":[{"taxonomy":"category","embeddable":true,"href":"https:\/\/staging.ivg.it\/ediapi\/wp\/v2\/categories?post=249138"},{"taxonomy":"post_tag","embeddable":true,"href":"https:\/\/staging.ivg.it\/ediapi\/wp\/v2\/tags?post=249138"}],"curies":[{"name":"wp","href":"https:\/\/api.w.org\/{rel}","templated":true}]}}