{"id":249097,"date":"2013-09-05T16:50:31","date_gmt":"2013-09-05T14:50:31","guid":{"rendered":"http:\/\/www.ivg.it\/?p=249097"},"modified":"2013-09-05T17:04:39","modified_gmt":"2013-09-05T15:04:39","slug":"savona-deceduto-elmo-bazzano-il-cordoglio-di-federico-berruti-e-angelo-berlangieri","status":"publish","type":"post","link":"https:\/\/staging.ivg.it\/2013\/09\/savona-deceduto-elmo-bazzano-il-cordoglio-di-federico-berruti-e-angelo-berlangieri\/","title":{"rendered":"Savona, deceduto Elmo Bazzano: il cordoglio di Federico Berruti e Angelo Berlangieri"},"content":{"rendered":"<p><strong>Savona<\/strong>. La morte di Elmo Bazzano, presidente della Consulta regionale delle associazioni, ha colpito l&#8217;amministrazione comunale di Savona che lo aveva avuto come interlocutore privilegiato di molte iniziative culturali.<\/p>\n<p>Il sindaco Federico Berruti lo ricorda cos\u00ec: &#8220;La scomparsa di Elmo Bazzano mi addolora profondamente. Era una persona di valore, appassionata di cultura ligure e amante della nostra Savona. Ho passato momenti molto belli a parlare con lui. Mi mancher\u00e0 e sono certo che mancher\u00e0 a tutti i savonesi che hanno visto in lui un difensore delle nostre tradizioni pi\u00f9 autentiche&#8221;.<\/p>\n<p>Cordoglio della Regione Liguria \u00e8 stato espresso dall\u2019assessore alla Cultura Angelo Berlangieri, insieme con il presidente de A Compagna, Franco Bampi e vicepresidente vicario della Consulta.<\/p>\n<p>\u201cCon Elmo Bazzano se ne va un amico, un uomo che amava profondamente la Liguria, le arti, le tradizioni, la lingua genovese e ligure, una fonte preziosa di tante iniziative culturali in difesa delle nostre radici, senza le quali non si va da nessuna parte\u201d, ha detto Berlangieri.<\/p>\n","protected":false},"excerpt":{"rendered":"<p>Savona. La morte di Elmo Bazzano, presidente della Consulta regionale delle associazioni, ha colpito l&#8217;amministrazione comunale di Savona che lo aveva avuto come interlocutore privilegiato di molte iniziative culturali. Il sindaco Federico Berruti lo ricorda cos\u00ec: &#8220;La scomparsa di Elmo Bazzano mi addolora profondamente. Era una persona di valore, appassionata di cultura ligure e amante [&hellip;]<\/p>\n","protected":false},"author":13744,"featured_media":0,"comment_status":"open","ping_status":"closed","sticky":false,"template":"","format":"standard","meta":{"footnotes":""},"categories":[34],"tags":[15517,1062,85850],"class_list":["post-249097","post","type-post","status-publish","format-standard","hentry","category-cronaca","tag-angelo-berlangieri","tag-federico-berruti","tag-savona","post_cat_citta-savona"],"amp_validity":null,"amp_enabled":true,"_links":{"self":[{"href":"https:\/\/staging.ivg.it\/ediapi\/wp\/v2\/posts\/249097","targetHints":{"allow":["GET"]}}],"collection":[{"href":"https:\/\/staging.ivg.it\/ediapi\/wp\/v2\/posts"}],"about":[{"href":"https:\/\/staging.ivg.it\/ediapi\/wp\/v2\/types\/post"}],"author":[{"embeddable":true,"href":"https:\/\/staging.ivg.it\/ediapi\/wp\/v2\/users\/13744"}],"replies":[{"embeddable":true,"href":"https:\/\/staging.ivg.it\/ediapi\/wp\/v2\/comments?post=249097"}],"version-history":[{"count":0,"href":"https:\/\/staging.ivg.it\/ediapi\/wp\/v2\/posts\/249097\/revisions"}],"wp:attachment":[{"href":"https:\/\/staging.ivg.it\/ediapi\/wp\/v2\/media?parent=249097"}],"wp:term":[{"taxonomy":"category","embeddable":true,"href":"https:\/\/staging.ivg.it\/ediapi\/wp\/v2\/categories?post=249097"},{"taxonomy":"post_tag","embeddable":true,"href":"https:\/\/staging.ivg.it\/ediapi\/wp\/v2\/tags?post=249097"}],"curies":[{"name":"wp","href":"https:\/\/api.w.org\/{rel}","templated":true}]}}