{"id":249040,"date":"2013-09-04T14:06:11","date_gmt":"2013-09-04T12:06:11","guid":{"rendered":"http:\/\/www.ivg.it\/?p=249040"},"modified":"2013-09-05T12:24:49","modified_gmt":"2013-09-05T10:24:49","slug":"savona-ruba-due-tablet-e-scappa-il-giorno-dopo-torna-per-fare-il-bis-e-viene-arrestato","status":"publish","type":"post","link":"https:\/\/staging.ivg.it\/2013\/09\/savona-ruba-due-tablet-e-scappa-il-giorno-dopo-torna-per-fare-il-bis-e-viene-arrestato\/","title":{"rendered":"Savona, ruba due tablet e scappa: il giorno dopo torna per fare il bis e viene arrestato"},"content":{"rendered":"<p><strong>Savona<\/strong>. E&#8217; entrato all&#8217;Ipercoop di corso Ricci, a Savona, ed ha rubato due tablet nel reparto dedicato all&#8217;informatica. Con un tronchesino ha rimosso le placche antitaccheggio ma, notato dalla vigilanza, \u00e8 stato fermato alle casse. Qui \u00e8 riuscito a divincolarsi e a fuggire con la refurtiva. <\/p>\n<p>Si tratta di un ventunenne pregiudicato, Christian Bonetti, residente a Carcare ma originario di Foggia. Il giovane ha pensato bene di tornare il giorno dopo, sempre nella struttura all&#8217;interno del centro commerciale &#8220;Il Gabbiano&#8221;. Per fare il bis. Infatti ha cercato di nuovo di portare via altri due tablet, con la stessa tecnica. <\/p>\n<p>Anche questa volta \u00e8 stato notato, ma non \u00e8 riuscito a farla franca. Sono arrivati agenti di polizia che lo hanno identificato e arrestato. Sar\u00e0 processato domattina per direttissima. <\/p>\n","protected":false},"excerpt":{"rendered":"<p>Savona. E&#8217; entrato all&#8217;Ipercoop di corso Ricci, a Savona, ed ha rubato due tablet nel reparto dedicato all&#8217;informatica. Con un tronchesino ha rimosso le placche antitaccheggio ma, notato dalla vigilanza, \u00e8 stato fermato alle casse. Qui \u00e8 riuscito a divincolarsi e a fuggire con la refurtiva. Si tratta di un ventunenne pregiudicato, Christian Bonetti, residente [&hellip;]<\/p>\n","protected":false},"author":13744,"featured_media":0,"comment_status":"open","ping_status":"closed","sticky":false,"template":"","format":"standard","meta":{"footnotes":""},"categories":[34],"tags":[1034,85850],"class_list":["post-249040","post","type-post","status-publish","format-standard","hentry","category-cronaca","tag-furto","tag-savona","post_cat_citta-savona"],"amp_validity":null,"amp_enabled":true,"_links":{"self":[{"href":"https:\/\/staging.ivg.it\/ediapi\/wp\/v2\/posts\/249040","targetHints":{"allow":["GET"]}}],"collection":[{"href":"https:\/\/staging.ivg.it\/ediapi\/wp\/v2\/posts"}],"about":[{"href":"https:\/\/staging.ivg.it\/ediapi\/wp\/v2\/types\/post"}],"author":[{"embeddable":true,"href":"https:\/\/staging.ivg.it\/ediapi\/wp\/v2\/users\/13744"}],"replies":[{"embeddable":true,"href":"https:\/\/staging.ivg.it\/ediapi\/wp\/v2\/comments?post=249040"}],"version-history":[{"count":0,"href":"https:\/\/staging.ivg.it\/ediapi\/wp\/v2\/posts\/249040\/revisions"}],"wp:attachment":[{"href":"https:\/\/staging.ivg.it\/ediapi\/wp\/v2\/media?parent=249040"}],"wp:term":[{"taxonomy":"category","embeddable":true,"href":"https:\/\/staging.ivg.it\/ediapi\/wp\/v2\/categories?post=249040"},{"taxonomy":"post_tag","embeddable":true,"href":"https:\/\/staging.ivg.it\/ediapi\/wp\/v2\/tags?post=249040"}],"curies":[{"name":"wp","href":"https:\/\/api.w.org\/{rel}","templated":true}]}}