{"id":249036,"date":"2013-09-04T13:17:13","date_gmt":"2013-09-04T11:17:13","guid":{"rendered":"http:\/\/www.ivg.it\/?p=249036"},"modified":"2013-09-05T11:22:35","modified_gmt":"2013-09-05T09:22:35","slug":"tribunale-di-albenga-chiusura","status":"publish","type":"post","link":"https:\/\/staging.ivg.it\/2013\/09\/tribunale-di-albenga-chiusura\/","title":{"rendered":"Tribunale di Albenga, corsa contro il tempo per scongiurare la chiusura: dal vertice un documento comune per il ministro"},"content":{"rendered":"<p><strong>Albenga<\/strong>. Mancano meno di dieci giorni alla chiusura del tribunale di Albenga che la nuova geografia giudiziaria vuole accorpato alla sede centrale di Savona. Oggi nel palazzo di via Bologna si sono dati appuntamento avvocati, politici e amministratori locali per definire un documento comune da inviare al ministro Cancellieri. <\/p>\n<p>Spiega Fabio Cardone, presidente dell&#8217;ordine degli avvocati: &#8220;La nostra preoccupazione come ordine \u00e8 che la giustizia sia un servizio reso nel mondo pi\u00f9 efficace possibile. Ad oggi \u00e8 fortemente pregiudicato questo servizio, poich\u00e9 con la soppressione di Albenga e la mancata idoneit\u00e0 strutturale-funzionale della sede centrale la giustizia non pu\u00f2 essere garantita secondo criteri ordinari a favore della cittadinanza e degli utenti tutti&#8221;. <\/p>\n<p>&#8220;Il 13 settembre \u00e8 vicino &#8211; prosegue &#8211; Il nuovo presidente del tribunale arriver\u00e0 il 16. Oggi in questa importante riunione si \u00e8 deciso di elaborare un documento da sottoporre direttamente al ministro tramite il governatore regionale Burlando e i parlamentari che ci sono stati vicini, come ci \u00e8 stato vicino il sindaco di Albenga e gli amministratori del territorio, insieme alla Provincia. Sono in corso anche procedimenti: uno civile di accertamento tecnico preventivo sulla non idoneit\u00e0 del tribunale centrale a sopportare il carico complessivo anche proveniente dalla sezione distaccata e l&#8217;impugnativa al Tar del Lazio del decreto emesso in questi giorni dal ministro&#8221;.<\/p>\n<p>&#8220;Un tribunale come quello di Rossano, che sino a tre giorni fa era chiuso per mancanza di parametri, grazie un intervento politico forte \u00e8 stato riaperto su provvedimento del ministro. C&#8217;\u00e8 stata anche una proroga in tutta Italia per 42 tra tribunali e sezioni distaccate. Il 13 settembre \u00e8 davvero vicino, ma la partita \u00e8 ancora aperta&#8221; conclude l&#8217;avvocato Cardone. <\/p>\n<p>L&#8217;onorevole Franco Vazio ha chiesto, intanto, che si valuti quantomeno una proroga della chiusura per smaltire il carico pendente sul territorio ingauno, altrimenti si rischierebbe un intasamento senza precedenti nel palazzo savonese. <\/p>\n<p>&#8220;Alla luce dei recenti interventi &#8211; commenta Vazio &#8211; si vuole chiedere un incontro urgentissimo al ministro Cancellieri, in modo da sottoporre le criticit\u00e0 e le difficolt\u00e0 di questa razionalizzazione della geografia giudiziaria. Lo stesso ministro nel decreto dice che spazi per funzioni e personali non sono sufficienti. Ed \u00e8 il presidente del tribunale di Savona che ricorda al sindaco di intervenire. E&#8217; evidente che in 15 giorni non sia possibile trovare una soluzione; infatti in questo caso il presidente del tribunale avrebbe dovuto chiedere una proroga, almeno per consentire una corretta riallocazione delle funzioni. Si pu\u00f2 anche ipotizzare una paralisi del tribunale di Savona per oltre un anno per la giustizia civile&#8221;. <\/p>\n<p>&#8220;Questa assemblea ha visto coinvolti gli organi istituzionali e professionali &#8211; afferma Vazio &#8211; Il verbale di oggi demander\u00e0 al presidente della Regione la richiesta di un incontro urgente al ministro, al quale presenteremo un documento specifico. Il problema \u00e8 molto chiaro: oggi il tribunale di Savona non pu\u00f2 contenere funzioni e personale della sezione distaccata di Albenga&#8221;. <\/p>\n<p>Il sindaco ingauno Rosy Guarnieri indirizzer\u00e0 al suo omologo savonese, Federico Berruti, una lettera in cui dichiara la disponibilit\u00e0 ad accogliere nella struttura di via Bologna quanto per la sede centrale del tribunale sarebbe insostenibile. &#8220;Di fatto un modo per far rientrare dalla finestra quanto sta uscendo dalla porta&#8221; conclude Vazio. <\/p>\n","protected":false},"excerpt":{"rendered":"<p>Albenga. Mancano meno di dieci giorni alla chiusura del tribunale di Albenga che la nuova geografia giudiziaria vuole accorpato alla sede centrale di Savona. Oggi nel palazzo di via Bologna si sono dati appuntamento avvocati, politici e amministratori locali per definire un documento comune da inviare al ministro Cancellieri. Spiega Fabio Cardone, presidente dell&#8217;ordine degli [&hellip;]<\/p>\n","protected":false},"author":13744,"featured_media":0,"comment_status":"open","ping_status":"closed","sticky":false,"template":"","format":"standard","meta":{"footnotes":""},"categories":[31],"tags":[85841,41122,6314,2170],"class_list":["post-249036","post","type-post","status-publish","format-standard","hentry","category-politica","tag-albenga","tag-fabio-cardone","tag-franco-vazio","tag-tribunale","post_cat_citta-albenga"],"amp_validity":null,"amp_enabled":true,"_links":{"self":[{"href":"https:\/\/staging.ivg.it\/ediapi\/wp\/v2\/posts\/249036","targetHints":{"allow":["GET"]}}],"collection":[{"href":"https:\/\/staging.ivg.it\/ediapi\/wp\/v2\/posts"}],"about":[{"href":"https:\/\/staging.ivg.it\/ediapi\/wp\/v2\/types\/post"}],"author":[{"embeddable":true,"href":"https:\/\/staging.ivg.it\/ediapi\/wp\/v2\/users\/13744"}],"replies":[{"embeddable":true,"href":"https:\/\/staging.ivg.it\/ediapi\/wp\/v2\/comments?post=249036"}],"version-history":[{"count":0,"href":"https:\/\/staging.ivg.it\/ediapi\/wp\/v2\/posts\/249036\/revisions"}],"wp:attachment":[{"href":"https:\/\/staging.ivg.it\/ediapi\/wp\/v2\/media?parent=249036"}],"wp:term":[{"taxonomy":"category","embeddable":true,"href":"https:\/\/staging.ivg.it\/ediapi\/wp\/v2\/categories?post=249036"},{"taxonomy":"post_tag","embeddable":true,"href":"https:\/\/staging.ivg.it\/ediapi\/wp\/v2\/tags?post=249036"}],"curies":[{"name":"wp","href":"https:\/\/api.w.org\/{rel}","templated":true}]}}