{"id":248986,"date":"2013-09-03T11:22:27","date_gmt":"2013-09-03T09:22:27","guid":{"rendered":"http:\/\/www.ivg.it\/?p=248986"},"modified":"2013-09-04T09:07:25","modified_gmt":"2013-09-04T07:07:25","slug":"toshiba-a-carcare-burlando-e-guccinelli-non-si-puo-imporre-lorganico-ma-chiederemo-attenzione-per-chi-ha-perso-il-lavoro","status":"publish","type":"post","link":"https:\/\/staging.ivg.it\/2013\/09\/toshiba-a-carcare-burlando-e-guccinelli-non-si-puo-imporre-lorganico-ma-chiederemo-attenzione-per-chi-ha-perso-il-lavoro\/","title":{"rendered":"Toshiba, Burlando e Guccinelli: &#8220;Non si pu\u00f2 imporre l&#8217;organico, ma chiederemo attenzione per chi ha perso il lavoro&#8221;"},"content":{"rendered":"<p><strong>Carcare<\/strong>. E&#8217; prevista per il 17 settembre la conferenza dei servizi deliberante sul nuovo insediamento Toshiba a Carcare. Con il giro di boa dell&#8217;iter autorizzativo si aprir\u00e0 il discorso delle assunzioni, come invocato anche dalla Cgil, nel tentativo di aprire le porte a chi ha perso il lavoro a causa della crisi nel tessuto economico savonese e valbormidese in particolare.<\/p>\n<p>&#8220;Ovviamente \u00e8 l&#8217;azienda che fa le assunzioni. Tuttavia penso che si possano presentare diverse possibilit\u00e0. Alla fine ci sar\u00e0 un mix, con i giovani che si affacciano al lavoro e con persone che, avendo perso il lavoro, trovano l&#8217;occasione per ripartire. La responsabilit\u00e0 sta all&#8217;azienza, chiaramente&#8221; osserva il governatore regionale Claudio Burlando, impegnato stamane in Valborida insieme agli assessori Enrico Vesco e Renzo Guccinelli.<\/p>\n<p>&#8220;Ci sono gli strumenti giuridici e finanziari che possono favorire il ricollocamento; per esempio chi assume mobilit\u00e0 ha vantaggi contributivi per un po&#8217; di tempo &#8211; prosegue Burlando &#8211; Attendiamo comunque la conferenza dei servizi, poi avvieremo con l&#8217;azienda tutta una discussione sulla forza lavoro. E&#8217; evidente che il territorio ha bisogno di respirare dopo una fase molto drammatica&#8221;.<\/p>\n<p>Si sono stimate 200 unit\u00e0 lavorative al servizio del nuovo stabilimento, il primo in Europa nel settore energia per la multinazionale giapponese e comunque il primo per l&#8217;azienda con una sala test per la produzione di accumulatori di energia. Toshiba proceder\u00e0 alla conferma degli impegni assunti se la propriet\u00e0 otterr\u00e0 entro il 31 ottobre i permessi di costruzione del nuovo sito industriale.<\/p>\n<p>L&#8217;assessore regionale allo svilluppo economico Guccinelli commenta: &#8220;Occorre trovare un punto di incontro. E&#8217; chiaro che non si pu\u00f2 imporre ad un&#8217;azienda, che viene qui ad insediarsi, il fatto che istituzioni o territorio le facciano l&#8217;organico. E&#8217; altrettanto vero che possiamo chiedere a questa realt\u00e0 produttiva di porre particolare attenzione ai lavoratori che nel corso di questi anni hanno perso l&#8217;occupazione. E&#8217; un ragionamento che vuole favorire la riappropriazione della propria funzione industriale di questo territorio&#8221;.<\/p>\n<p>&#8220;Fra l&#8217;altro sono lavoratori che hanno una grande capacit\u00e0 di stare dentro ai sistemi industriali. L&#8217;importante \u00e8 che Toshiba arrivi. Quando arriva il lavoro, chi \u00e8 in grado di esercitarlo ricever\u00e0 sicuramente un occhio di riguardo&#8221; conclude Guccinelli.<\/p>\n","protected":false},"excerpt":{"rendered":"<p>Carcare. E&#8217; prevista per il 17 settembre la conferenza dei servizi deliberante sul nuovo insediamento Toshiba a Carcare. Con il giro di boa dell&#8217;iter autorizzativo si aprir\u00e0 il discorso delle assunzioni, come invocato anche dalla Cgil, nel tentativo di aprire le porte a chi ha perso il lavoro a causa della crisi nel tessuto economico [&hellip;]<\/p>\n","protected":false},"author":13744,"featured_media":0,"comment_status":"open","ping_status":"closed","sticky":false,"template":"","format":"standard","meta":{"footnotes":""},"categories":[35,31],"tags":[85852,284,1817,509,295,2220,41966],"class_list":["post-248986","post","type-post","status-publish","format-standard","hentry","category-economia","category-politica","tag-carcare","tag-claudio-burlando","tag-industria","tag-lavoro","tag-regione","tag-renzo-guccinelli","tag-toshiba","post_cat_citta-carcare"],"amp_validity":null,"amp_enabled":true,"_links":{"self":[{"href":"https:\/\/staging.ivg.it\/ediapi\/wp\/v2\/posts\/248986","targetHints":{"allow":["GET"]}}],"collection":[{"href":"https:\/\/staging.ivg.it\/ediapi\/wp\/v2\/posts"}],"about":[{"href":"https:\/\/staging.ivg.it\/ediapi\/wp\/v2\/types\/post"}],"author":[{"embeddable":true,"href":"https:\/\/staging.ivg.it\/ediapi\/wp\/v2\/users\/13744"}],"replies":[{"embeddable":true,"href":"https:\/\/staging.ivg.it\/ediapi\/wp\/v2\/comments?post=248986"}],"version-history":[{"count":0,"href":"https:\/\/staging.ivg.it\/ediapi\/wp\/v2\/posts\/248986\/revisions"}],"wp:attachment":[{"href":"https:\/\/staging.ivg.it\/ediapi\/wp\/v2\/media?parent=248986"}],"wp:term":[{"taxonomy":"category","embeddable":true,"href":"https:\/\/staging.ivg.it\/ediapi\/wp\/v2\/categories?post=248986"},{"taxonomy":"post_tag","embeddable":true,"href":"https:\/\/staging.ivg.it\/ediapi\/wp\/v2\/tags?post=248986"}],"curies":[{"name":"wp","href":"https:\/\/api.w.org\/{rel}","templated":true}]}}